{"id":38247,"date":"2025-06-27T16:36:29","date_gmt":"2025-06-27T13:36:29","guid":{"rendered":"https:\/\/www.egemtv.com\/?p=38247"},"modified":"2025-06-27T16:36:35","modified_gmt":"2025-06-27T13:36:35","slug":"mugla-planlama-ajansindan-bilgilendirme-toplantisi-gelecek-icin-ortak-akil","status":"publish","type":"post","link":"https:\/\/www.egemtv.com\/?p=38247","title":{"rendered":"Mu\u011fla Planlama Ajans\u0131\u2019ndan bilgilendirme toplant\u0131s\u0131: &#8220;Gelecek i\u00e7in ortak ak\u0131l&#8221;"},"content":{"rendered":"<p>Mu\u011fla B\u00fcy\u00fck\u015fehir Belediyesi b\u00fcnyesinde kurulan ve bilimsel verilere dayal\u0131 karar alma s\u00fcre\u00e7lerini desteklemek amac\u0131yla faaliyet g\u00f6steren Mu\u011fla Planlama Ajans\u0131 (MUPA), \u00e7al\u0131\u015fmalar\u0131 hakk\u0131nda kamuoyunu bilgilendirmek \u00fczere bas\u0131n toplant\u0131s\u0131 d\u00fczenledi.<br \/>\n<br \/>Toplant\u0131da konu\u015fan MUPA Ba\u015fkan\u0131 Tansu \u00d6zcan, ajans\u0131n kurulu\u015f misyonunu ve bug\u00fcne kadar yapt\u0131\u011f\u0131 \u00e7al\u0131\u015fmalar\u0131 kamuoyuyla payla\u015ft\u0131. &#8220;Gelecek i\u00e7in ortak ak\u0131l misyonu ile yola \u00e7\u0131kt\u0131k. \u0130lk y\u0131l\u0131m\u0131zda Mu\u011fla\u2019n\u0131n durumunu tespit ettik. MUPA, bu kentin ihtiya\u00e7lar\u0131na do\u011fru ve s\u00fcrd\u00fcr\u00fclebilir \u00e7\u00f6z\u00fcmler sunmak i\u00e7in \u00e7al\u0131\u015f\u0131yor. Kamu kaynaklar\u0131n\u0131n etkin ve adil kullan\u0131m\u0131 i\u00e7in veri temelli analizler yap\u0131yoruz&#8221; diyen \u00d6zcan, ajans\u0131n gen\u00e7 ve dinamik kadrosuna da dikkat \u00e7ekti.<br \/>\n<br \/>MUPA\u2019n\u0131n personel yap\u0131s\u0131na ili\u015fkin bilgi veren \u00d6zcan, &#8220;Kadromuzun ya\u015f ortalamas\u0131 29, y\u00fczde 70\u2019i kad\u0131nlardan olu\u015fuyor. Bu, Ba\u015fkan\u0131m\u0131z Ahmet Aras\u2019\u0131n vizyonunun bir yans\u0131mas\u0131. T\u00fcrkiye\u2019de \u0130stanbul ve \u0130zmir\u2019in ard\u0131ndan kurulan \u00fc\u00e7\u00fcnc\u00fc planlama ajans\u0131 MUPA oldu. Yaln\u0131zca veri \u00fcretmekle kalm\u0131yoruz, ayn\u0131 zamanda politika da geli\u015ftiriyoruz&#8221; ifadelerini kulland\u0131.<br \/>\n<br \/>MUPA\u2019n\u0131n Mu\u011fla i\u00e7in al\u0131nacak t\u00fcm kararlarda \u00f6nemli bir rol oynayaca\u011f\u0131n\u0131 belirten Mu\u011fla B\u00fcy\u00fck\u015fehir Belediye Ba\u015fkan\u0131 Ahmet Aras, ajans\u0131n devlet planlama te\u015fkilat\u0131ndan ilham alarak kuruldu\u011funu belirtmi\u015f, &#8220;Mu\u011flam\u0131z siyasette ve ekonomide hak etti\u011fi yeri alacak. Bu ad\u0131mlar\u0131 MUPA \u00fczerinden ataca\u011f\u0131z. Veriye, bilime ve akla dayal\u0131 \u00e7al\u0131\u015fmalarla Mu\u011fla\u2019n\u0131n gelece\u011fini \u015fekillendirece\u011fiz&#8221; demi\u015fti.<br \/><\/p>\n","protected":false},"excerpt":{"rendered":"<p>Mu\u011fla B\u00fcy\u00fck\u015fehir Belediyesi b\u00fcnyesinde kurulan ve bilimsel verilere dayal\u0131 karar alma s\u00fcre\u00e7lerini desteklemek amac\u0131yla faaliyet g\u00f6steren Mu\u011fla Planlama Ajans\u0131 (MUPA), \u00e7al\u0131\u015fmalar\u0131 hakk\u0131nda kamuoyunu bilgilendirmek \u00fczere bas\u0131n toplant\u0131s\u0131 d\u00fczenledi. Toplant\u0131da konu\u015fan MUPA Ba\u015fkan\u0131 Tansu \u00d6zcan, ajans\u0131n kurulu\u015f misyonunu ve bug\u00fcne kadar yapt\u0131\u011f\u0131 \u00e7al\u0131\u015fmalar\u0131 kamuoyuyla payla\u015ft\u0131. &#8220;Gelecek i\u00e7in ortak ak\u0131l misyonu ile yola \u00e7\u0131kt\u0131k. \u0130lk y\u0131l\u0131m\u0131zda Mu\u011fla\u2019n\u0131n&#8230;<\/p>\n","protected":false},"author":1,"featured_media":38248,"comment_status":"open","ping_status":"open","sticky":false,"template":"","format":"standard","meta":{"_crdt_document":"","footnotes":""},"categories":[125],"tags":[],"class_list":["post-38247","post","type-post","status-publish","format-standard","has-post-thumbnail","hentry","category-ekonomi"],"_links":{"self":[{"href":"https:\/\/www.egemtv.com\/index.php?rest_route=\/wp\/v2\/posts\/38247","targetHints":{"allow":["GET"]}}],"collection":[{"href":"https:\/\/www.egemtv.com\/index.php?rest_route=\/wp\/v2\/posts"}],"about":[{"href":"https:\/\/www.egemtv.com\/index.php?rest_route=\/wp\/v2\/types\/post"}],"author":[{"embeddable":true,"href":"https:\/\/www.egemtv.com\/index.php?rest_route=\/wp\/v2\/users\/1"}],"replies":[{"embeddable":true,"href":"https:\/\/www.egemtv.com\/index.php?rest_route=%2Fwp%2Fv2%2Fcomments&post=38247"}],"version-history":[{"count":1,"href":"https:\/\/www.egemtv.com\/index.php?rest_route=\/wp\/v2\/posts\/38247\/revisions"}],"predecessor-version":[{"id":38249,"href":"https:\/\/www.egemtv.com\/index.php?rest_route=\/wp\/v2\/posts\/38247\/revisions\/38249"}],"wp:featuredmedia":[{"embeddable":true,"href":"https:\/\/www.egemtv.com\/index.php?rest_route=\/wp\/v2\/media\/38248"}],"wp:attachment":[{"href":"https:\/\/www.egemtv.com\/index.php?rest_route=%2Fwp%2Fv2%2Fmedia&parent=38247"}],"wp:term":[{"taxonomy":"category","embeddable":true,"href":"https:\/\/www.egemtv.com\/index.php?rest_route=%2Fwp%2Fv2%2Fcategories&post=38247"},{"taxonomy":"post_tag","embeddable":true,"href":"https:\/\/www.egemtv.com\/index.php?rest_route=%2Fwp%2Fv2%2Ftags&post=38247"}],"curies":[{"name":"wp","href":"https:\/\/api.w.org\/{rel}","templated":true}]}}