{"id":38244,"date":"2025-06-27T16:16:05","date_gmt":"2025-06-27T13:16:05","guid":{"rendered":"https:\/\/www.egemtv.com\/?p=38244"},"modified":"2025-06-27T16:16:06","modified_gmt":"2025-06-27T13:16:06","slug":"denizlide-3-firari-operasyonla-yakalandi","status":"publish","type":"post","link":"https:\/\/www.egemtv.com\/?p=38244","title":{"rendered":"Denizli\u2019de 3 firari operasyonla yakaland\u0131"},"content":{"rendered":"<p>Denizli Emniyet M\u00fcd\u00fcrl\u00fc\u011f\u00fc, Asayi\u015f \u015eube M\u00fcd\u00fcrl\u00fc\u011f\u00fc\u2019ne ba\u011fl\u0131 Aranan \u015eah\u0131slar B\u00fcro Amirli\u011fi ekiplerinin titiz \u00e7al\u0131\u015fmalar\u0131 sonucu haklar\u0131nda kesinle\u015fmi\u015f hapis cezas\u0131 bulunan 3 firari yakaland\u0131. 18-25 Haziran 2025 tarihleri aras\u0131nda s\u00fcrd\u00fcr\u00fclen operasyonlarda firarilerin izleri tek tek tespit edilerek operasyonla g\u00f6zalt\u0131na al\u0131nd\u0131.<\/p>\n<p>Denizli \u0130l Emniyet M\u00fcd\u00fcrl\u00fc\u011f\u00fcne ba\u011fl\u0131 ekipler, aranan \u015fah\u0131slara y\u00f6nelik operasyonlar\u0131 s\u00fcrd\u00fcr\u00fcyor. Asayi\u015f \u015eube M\u00fcd\u00fcrl\u00fc\u011f\u00fc Aranan \u015eah\u0131slar B\u00fcro Amirli\u011fi ekipleri taraf\u0131ndan \u2018H\u0131rs\u0131zl\u0131k\u2019 su\u00e7undan hakk\u0131nda 36 y\u0131l 8 ay 25 g\u00fcn kesinle\u015fmi\u015f hapis cezas\u0131 bulunan 1 \u015fah\u0131s ve Motosikletli Polis Timleri B\u00fcro Amirli\u011fi ekipleri taraf\u0131ndan \u2018H\u0131rs\u0131zl\u0131k\u2019 su\u00e7undan 11 y\u0131l 3 ay kesinle\u015fmi\u015f hapis cezas\u0131 bulunan 1 \u015fah\u0131s yakaland\u0131.<\/p>\n<p>Ayr\u0131ca Sarayk\u00f6y \u0130l\u00e7e Emniyet M\u00fcd\u00fcrl\u00fc\u011f\u00fc ekipleri taraf\u0131ndan hakk\u0131nda, &#8220;Bili\u015fim Sistemleri Banka veya Kredi Kurumlar\u0131n\u0131n Ara\u00e7 olarak kullan\u0131lmas\u0131 suretiyle doland\u0131r\u0131c\u0131l\u0131k&#8221; su\u00e7lar\u0131ndan toplam 19 y\u0131l kesinle\u015fmi\u015f hapis cezas\u0131 bulunan 1 \u015fah\u0131s yakaland\u0131.<\/p>\n<p>Emniyetteki i\u015flemleri tamamlanan 3 firari \u015fah\u0131s, \u00e7\u0131kar\u0131ld\u0131klar\u0131 mahkemece cezaevine teslim edildi.<br \/><\/p>\n","protected":false},"excerpt":{"rendered":"<p>Denizli Emniyet M\u00fcd\u00fcrl\u00fc\u011f\u00fc, Asayi\u015f \u015eube M\u00fcd\u00fcrl\u00fc\u011f\u00fc\u2019ne ba\u011fl\u0131 Aranan \u015eah\u0131slar B\u00fcro Amirli\u011fi ekiplerinin titiz \u00e7al\u0131\u015fmalar\u0131 sonucu haklar\u0131nda kesinle\u015fmi\u015f hapis cezas\u0131 bulunan 3 firari yakaland\u0131. 18-25 Haziran 2025 tarihleri aras\u0131nda s\u00fcrd\u00fcr\u00fclen operasyonlarda firarilerin izleri tek tek tespit edilerek operasyonla g\u00f6zalt\u0131na al\u0131nd\u0131. Denizli \u0130l Emniyet M\u00fcd\u00fcrl\u00fc\u011f\u00fcne ba\u011fl\u0131 ekipler, aranan \u015fah\u0131slara y\u00f6nelik operasyonlar\u0131 s\u00fcrd\u00fcr\u00fcyor. Asayi\u015f \u015eube M\u00fcd\u00fcrl\u00fc\u011f\u00fc Aranan \u015eah\u0131slar&#8230;<\/p>\n","protected":false},"author":1,"featured_media":38245,"comment_status":"open","ping_status":"open","sticky":false,"template":"","format":"standard","meta":{"_crdt_document":"","footnotes":""},"categories":[5],"tags":[],"class_list":["post-38244","post","type-post","status-publish","format-standard","has-post-thumbnail","hentry","category-asayis"],"_links":{"self":[{"href":"https:\/\/www.egemtv.com\/index.php?rest_route=\/wp\/v2\/posts\/38244","targetHints":{"allow":["GET"]}}],"collection":[{"href":"https:\/\/www.egemtv.com\/index.php?rest_route=\/wp\/v2\/posts"}],"about":[{"href":"https:\/\/www.egemtv.com\/index.php?rest_route=\/wp\/v2\/types\/post"}],"author":[{"embeddable":true,"href":"https:\/\/www.egemtv.com\/index.php?rest_route=\/wp\/v2\/users\/1"}],"replies":[{"embeddable":true,"href":"https:\/\/www.egemtv.com\/index.php?rest_route=%2Fwp%2Fv2%2Fcomments&post=38244"}],"version-history":[{"count":1,"href":"https:\/\/www.egemtv.com\/index.php?rest_route=\/wp\/v2\/posts\/38244\/revisions"}],"predecessor-version":[{"id":38246,"href":"https:\/\/www.egemtv.com\/index.php?rest_route=\/wp\/v2\/posts\/38244\/revisions\/38246"}],"wp:featuredmedia":[{"embeddable":true,"href":"https:\/\/www.egemtv.com\/index.php?rest_route=\/wp\/v2\/media\/38245"}],"wp:attachment":[{"href":"https:\/\/www.egemtv.com\/index.php?rest_route=%2Fwp%2Fv2%2Fmedia&parent=38244"}],"wp:term":[{"taxonomy":"category","embeddable":true,"href":"https:\/\/www.egemtv.com\/index.php?rest_route=%2Fwp%2Fv2%2Fcategories&post=38244"},{"taxonomy":"post_tag","embeddable":true,"href":"https:\/\/www.egemtv.com\/index.php?rest_route=%2Fwp%2Fv2%2Ftags&post=38244"}],"curies":[{"name":"wp","href":"https:\/\/api.w.org\/{rel}","templated":true}]}}