{"id":38238,"date":"2025-06-27T15:56:57","date_gmt":"2025-06-27T12:56:57","guid":{"rendered":"https:\/\/www.egemtv.com\/?p=38238"},"modified":"2025-06-27T15:57:01","modified_gmt":"2025-06-27T12:57:01","slug":"maskiden-turgutluya-28-milyon-tllik-su-yatirimi","status":"publish","type":"post","link":"https:\/\/www.egemtv.com\/?p=38238","title":{"rendered":"MASK\u0130\u2019den Turgutlu\u2019ya 28 milyon TL\u2019lik su yat\u0131r\u0131m\u0131"},"content":{"rendered":"<p>Manisa Su ve Kanalizasyon \u0130daresi (MASK\u0130) Genel M\u00fcd\u00fcrl\u00fc\u011f\u00fc, Turgutlu\u2019da su s\u0131k\u0131nt\u0131s\u0131n\u0131 \u00e7\u00f6zmek amac\u0131yla ba\u015flatt\u0131\u011f\u0131 yakla\u015f\u0131k 28 milyon TL\u2019lik altyap\u0131 yat\u0131r\u0131m\u0131nda sona yakla\u015ft\u0131. Proje kapsam\u0131nda 6 sondaj kuyusu yenilenirken, 3 bin 500 metrelik i\u00e7me suyu iletim hatt\u0131 d\u00f6\u015feme \u00e7al\u0131\u015fmalar\u0131 tamamlanmak \u00fczere. MASK\u0130 Genel M\u00fcd\u00fcr Yard\u0131mc\u0131s\u0131 Bircan Kaynak, projenin Turgutlu\u2019nun gelece\u011fine b\u00fcy\u00fck katk\u0131 sa\u011flayaca\u011f\u0131n\u0131 belirtti.<br \/>\n<br \/>Manisa\u2019n\u0131n su kaynaklar\u0131n\u0131n verimlili\u011fini art\u0131rmak amac\u0131yla \u00e7al\u0131\u015fmalar\u0131na h\u0131z kesmeden devam eden Manisa B\u00fcy\u00fck\u015fehir Belediyesi, Turgutlu\u2019da \u00f6nemli bir altyap\u0131 yat\u0131r\u0131m\u0131 ger\u00e7ekle\u015ftiriyor. Kurakl\u0131kla ve iklim de\u011fi\u015fikli\u011fi nedeniyle giderek artan su ihtiyac\u0131na cevap vermek i\u00e7in MASK\u0130 Genel M\u00fcd\u00fcrl\u00fc\u011f\u00fc taraf\u0131ndan ba\u015flat\u0131lan proje kapsam\u0131nda, 6 adet sondaj kuyusu yenilenirken bu kuyulardan elde edilen suyun depolara ula\u015ft\u0131r\u0131lmas\u0131 i\u00e7in 3 bin 500 metrelik i\u00e7me suyu iletim hatt\u0131 d\u00f6\u015feniyor. \u0130malat \u00e7al\u0131\u015fmalar\u0131nda son a\u015famaya gelinen ve toplam 28 Milyon TL bedelle hayata ge\u00e7irilen yat\u0131r\u0131m sayesinde Turgutlu\u2019nun \u00f6zellikle yaz aylar\u0131nda ya\u015fad\u0131\u011f\u0131 su s\u0131k\u0131nt\u0131s\u0131n\u0131n giderilmesi hedefleniyor. MASK\u0130 Genel M\u00fcd\u00fcr Yard\u0131mc\u0131s\u0131 Bircan Kaynak ve \u0130\u00e7me Suyu Dairesi Ba\u015fkan\u0131 Necip Kurtar\u0131c\u0131 da yetkili personelle birlikte imalat \u00e7al\u0131\u015fmalar\u0131n\u0131 yerinde inceledi.<br \/>\n<br \/>MASK\u0130 Genel M\u00fcd\u00fcr Yard\u0131mc\u0131s\u0131 Bircan Kaynak, il\u00e7ede iklim de\u011fi\u015fikli\u011fi ve kurakl\u0131k nedeniyle su kaynaklar\u0131n\u0131n giderek azald\u0131\u011f\u0131n\u0131 vurgulayarak, &#8220;Bilindi\u011fi \u00fczere sadece t\u00fcm d\u00fcnyada iklim de\u011fi\u015fikli\u011fi, kurakl\u0131k ve ya\u011f\u0131\u015flar\u0131n \u00e7ok az olmas\u0131 nedeniyle su kaynaklar\u0131m\u0131z\u0131n verimleri d\u00fc\u015ft\u00fc. Manisa da bu durumdan etkilendi. Daha \u00f6nceki y\u0131llarda Manisa genelinde 50 &#8211; 100 metrelerde ula\u015ft\u0131\u011f\u0131m\u0131z suya, art\u0131k 250 metre ve daha derinlerde ula\u015f\u0131yoruz. Bu da kurakl\u0131\u011f\u0131n etkilerini net \u015fekilde g\u00f6steriyor. \u00d6zellikle Turgutlu il\u00e7emiz, su s\u0131k\u0131nt\u0131s\u0131 ya\u015fayan en b\u00fcy\u00fck il\u00e7elerimizden biri. \u015eu an mevcuttaki sondajlar\u0131m\u0131z\u0131n rezervini art\u0131rmaya y\u00f6nelik sondaj yenileme ve buna ba\u011fl\u0131 olarak su iletim hatlar\u0131 yaparak il\u00e7emize daha verimli suyu sa\u011flamak ad\u0131na bir \u00e7al\u0131\u015fma yap\u0131yoruz. Hedefimiz, \u00f6zellikle yaz aylar\u0131nda suyu art\u0131rarak halk\u0131m\u0131z\u0131n su s\u0131k\u0131nt\u0131s\u0131ndan kurtarmak. Yakla\u015f\u0131k 28 milyon TL bedelle hayata ge\u00e7irilen bu yat\u0131r\u0131m kapsam\u0131nda 6 sondaj da yenileniyor. Bu sondajlardan \u00e7\u0131kan suyun depolara iletimini sa\u011flamak amac\u0131yla da ba\u015flanan 3 bin 500 metrelik hat d\u00f6\u015feme \u00e7al\u0131\u015fmas\u0131nda son a\u015famaya gelindi. \u0130malatlar gece saatlerinde de yap\u0131l\u0131yor. Art\u0131k son a\u015famaya geldik ve \u00f6n\u00fcm\u00fczdeki g\u00fcnlerde tamamlanacak. Turgutlu il\u00e7emizin su sorunu ya\u015famamas\u0131 i\u00e7in elimizden geleni yap\u0131yoruz. Bu \u00e7al\u0131\u015fmalar Turgutlu\u2019nun gelece\u011fine yap\u0131lan bir yat\u0131r\u0131md\u0131r. Merhum Ba\u015fkan\u0131m\u0131z Ferdi Zeyrek\u2019in d\u00f6neminde ba\u015flat\u0131lan, Manisa\u2019n\u0131n genelinde susuzluk ya\u015fanmamas\u0131 hedefi do\u011frultusundaki planlama ve yat\u0131r\u0131m \u00e7al\u0131\u015fmalar\u0131n\u0131 Besim Dutlulu Ba\u015fkan\u2019\u0131m\u0131z\u0131n liderli\u011finde s\u00fcrd\u00fcrmeye devam edece\u011fiz.&#8221; diye konu\u015ftu.<\/p>\n<p>Vatanda\u015flardan te\u015fekk\u00fcr<br \/>\n<br \/>Yeni Mahalle Muhtar\u0131 Yasin Bostanc\u0131, &#8220;\u00d6nceki y\u0131llarda s\u0131k s\u0131k su kesintileri ya\u015f\u0131yorduk. \u0130nsanlar i\u015ften geldikten sonra su s\u0131k\u0131nt\u0131s\u0131 daha fazla ya\u015f\u0131yordu. Apartmanlar\u0131n y\u00fcksek katlar\u0131nda da su bas\u0131n\u00e7 problemi oluyordu. Bu sondaj yenileme ve iletim hatt\u0131 \u00e7al\u0131\u015fmas\u0131 ile su probleminin bir daha ya\u015fanmayaca\u011f\u0131n\u0131 d\u00fc\u015f\u00fcn\u00fcyoruz. \u0130malatlar\u0131n gece saatlerinde bile yap\u0131ld\u0131\u011f\u0131n\u0131 g\u00f6rmekteyiz. Su, hayat\u0131m\u0131zda en b\u00fcy\u00fck \u00f6neme sahip oldu\u011fu i\u00e7in bu yat\u0131r\u0131m bulunmaz bir nimet.&#8221; dedi.<br \/>\n<br \/>Yedieyl\u00fcl Mahalle Muhtar\u0131 Deniz Bezen ise, &#8220;Ge\u00e7ti\u011fimiz y\u0131llarda \u00e7ok su s\u0131k\u0131nt\u0131s\u0131 ya\u015fad\u0131k. Sondaj say\u0131s\u0131n\u0131n 6\u2019ya \u00e7\u0131kart\u0131lmas\u0131 ve iletim hatt\u0131n\u0131n h\u0131zl\u0131 bir \u015fekilde yap\u0131lmas\u0131 bu \u00e7al\u0131\u015fmaya ne kadar \u00f6nem verildi\u011fini g\u00f6steriyor. Sonunda art\u0131k su kesintisi olmayacak. Apartmanlar\u0131n y\u00fcksek katlar\u0131nda su bas\u0131n\u00e7 sorunu olmayacak. Yaz aylar\u0131nda su t\u00fcketimi fazla oldu\u011fundan suya \u00e7ok ihtiyac\u0131m\u0131z var. Bu yat\u0131r\u0131m\u0131n il\u00e7emiz i\u00e7in b\u00fcy\u00fck \u00f6neme sahip oldu\u011funu d\u00fc\u015f\u00fcn\u00fcyorum. B\u00fcy\u00fck\u015fehir Belediyesi\u2019ne ve MASK\u0130 Genel M\u00fcd\u00fcrl\u00fc\u011f\u00fc\u2019ne te\u015fekk\u00fcr ediyorum.&#8221; ifadelerini kulland\u0131.<\/p>\n<p>Proje son a\u015famaya geldi<br \/>\n<br \/>MASK\u0130 Genel M\u00fcd\u00fcrl\u00fc\u011f\u00fc taraf\u0131ndan y\u00fcr\u00fct\u00fclen 28 milyon TL\u2019lik yat\u0131r\u0131mda, 6 sondaj kuyusunun yenilenmesi ve 3 bin 500 metrelik i\u00e7me suyu iletim hatt\u0131 \u00e7al\u0131\u015fmas\u0131 tamamlanmak \u00fczere. Projenin \u00f6n\u00fcm\u00fczdeki g\u00fcnlerde tamamlanarak, yaz aylar\u0131nda ya\u015fanan su s\u0131k\u0131nt\u0131s\u0131n\u0131n tarihe kar\u0131\u015fmas\u0131 hedefleniyor.<br \/><\/p>\n","protected":false},"excerpt":{"rendered":"<p>Manisa Su ve Kanalizasyon \u0130daresi (MASK\u0130) Genel M\u00fcd\u00fcrl\u00fc\u011f\u00fc, Turgutlu\u2019da su s\u0131k\u0131nt\u0131s\u0131n\u0131 \u00e7\u00f6zmek amac\u0131yla ba\u015flatt\u0131\u011f\u0131 yakla\u015f\u0131k 28 milyon TL\u2019lik altyap\u0131 yat\u0131r\u0131m\u0131nda sona yakla\u015ft\u0131. Proje kapsam\u0131nda 6 sondaj kuyusu yenilenirken, 3 bin 500 metrelik i\u00e7me suyu iletim hatt\u0131 d\u00f6\u015feme \u00e7al\u0131\u015fmalar\u0131 tamamlanmak \u00fczere. MASK\u0130 Genel M\u00fcd\u00fcr Yard\u0131mc\u0131s\u0131 Bircan Kaynak, projenin Turgutlu\u2019nun gelece\u011fine b\u00fcy\u00fck katk\u0131 sa\u011flayaca\u011f\u0131n\u0131 belirtti. Manisa\u2019n\u0131n su&#8230;<\/p>\n","protected":false},"author":1,"featured_media":38239,"comment_status":"open","ping_status":"open","sticky":false,"template":"","format":"standard","meta":{"_crdt_document":"","footnotes":""},"categories":[125],"tags":[],"class_list":["post-38238","post","type-post","status-publish","format-standard","has-post-thumbnail","hentry","category-ekonomi"],"_links":{"self":[{"href":"https:\/\/www.egemtv.com\/index.php?rest_route=\/wp\/v2\/posts\/38238","targetHints":{"allow":["GET"]}}],"collection":[{"href":"https:\/\/www.egemtv.com\/index.php?rest_route=\/wp\/v2\/posts"}],"about":[{"href":"https:\/\/www.egemtv.com\/index.php?rest_route=\/wp\/v2\/types\/post"}],"author":[{"embeddable":true,"href":"https:\/\/www.egemtv.com\/index.php?rest_route=\/wp\/v2\/users\/1"}],"replies":[{"embeddable":true,"href":"https:\/\/www.egemtv.com\/index.php?rest_route=%2Fwp%2Fv2%2Fcomments&post=38238"}],"version-history":[{"count":1,"href":"https:\/\/www.egemtv.com\/index.php?rest_route=\/wp\/v2\/posts\/38238\/revisions"}],"predecessor-version":[{"id":38240,"href":"https:\/\/www.egemtv.com\/index.php?rest_route=\/wp\/v2\/posts\/38238\/revisions\/38240"}],"wp:featuredmedia":[{"embeddable":true,"href":"https:\/\/www.egemtv.com\/index.php?rest_route=\/wp\/v2\/media\/38239"}],"wp:attachment":[{"href":"https:\/\/www.egemtv.com\/index.php?rest_route=%2Fwp%2Fv2%2Fmedia&parent=38238"}],"wp:term":[{"taxonomy":"category","embeddable":true,"href":"https:\/\/www.egemtv.com\/index.php?rest_route=%2Fwp%2Fv2%2Fcategories&post=38238"},{"taxonomy":"post_tag","embeddable":true,"href":"https:\/\/www.egemtv.com\/index.php?rest_route=%2Fwp%2Fv2%2Ftags&post=38238"}],"curies":[{"name":"wp","href":"https:\/\/api.w.org\/{rel}","templated":true}]}}