{"id":38235,"date":"2025-06-27T15:36:11","date_gmt":"2025-06-27T12:36:11","guid":{"rendered":"https:\/\/www.egemtv.com\/?p=38235"},"modified":"2025-06-27T15:36:13","modified_gmt":"2025-06-27T12:36:13","slug":"honazda-yilan-panigi","status":"publish","type":"post","link":"https:\/\/www.egemtv.com\/?p=38235","title":{"rendered":"Honaz\u2019da y\u0131lan pani\u011fi"},"content":{"rendered":"<p>DEN\u0130ZL\u0130 (\u0130HA) \u2013 Denizli\u2019nin Honaz il\u00e7esinde, g\u00fcnd\u00fcz saatlerinde ya\u015fanan y\u0131lan pani\u011fi mahalle sakinlerini tedirgin etti. Okulun bah\u00e7esinden caddeye inen y\u0131lana esnaflar m\u00fcdahale etti.<\/p>\n<p>Honaz merkez Yeni Mahalle\u2019de bulunan Atat\u00fcrk \u0130lkokulu bah\u00e7esinden \u00e7\u0131karak, i\u015flek caddeye inen y\u0131lan, k\u0131sa s\u00fcrede \u00e7evredeki vatanda\u015flar\u0131n dikkatini \u00e7ekti. Cadde \u00fczerinde korku ve tedirginli\u011fe yol a\u00e7an y\u0131lan, \u00e7evredeki esnaf\u0131n h\u0131zl\u0131 m\u00fcdahalesiyle etkisiz hale getirildi. Olay s\u0131ras\u0131nda herhangi bir yaralanma ya da zarar meydana gelmezken, vatanda\u015flar y\u0131lan\u0131n okul bah\u00e7esinden caddeye nas\u0131l indi\u011fine \u015fa\u015f\u0131rd\u0131klar\u0131n\u0131 ifade etti.<\/p>\n<p>Ya\u015fanan olay\u0131n ard\u0131ndan b\u00f6lgedeki esnaf ve mahalle sakinleri, \u00f6zellikle yaz aylar\u0131nda artan y\u0131lan vakalar\u0131na kar\u015f\u0131 daha dikkatli olunmas\u0131 gerekti\u011fini vurgulad\u0131.<br \/><\/p>\n","protected":false},"excerpt":{"rendered":"<p>DEN\u0130ZL\u0130 (\u0130HA) \u2013 Denizli\u2019nin Honaz il\u00e7esinde, g\u00fcnd\u00fcz saatlerinde ya\u015fanan y\u0131lan pani\u011fi mahalle sakinlerini tedirgin etti. Okulun bah\u00e7esinden caddeye inen y\u0131lana esnaflar m\u00fcdahale etti. Honaz merkez Yeni Mahalle\u2019de bulunan Atat\u00fcrk \u0130lkokulu bah\u00e7esinden \u00e7\u0131karak, i\u015flek caddeye inen y\u0131lan, k\u0131sa s\u00fcrede \u00e7evredeki vatanda\u015flar\u0131n dikkatini \u00e7ekti. Cadde \u00fczerinde korku ve tedirginli\u011fe yol a\u00e7an y\u0131lan, \u00e7evredeki esnaf\u0131n h\u0131zl\u0131 m\u00fcdahalesiyle etkisiz&#8230;<\/p>\n","protected":false},"author":1,"featured_media":38236,"comment_status":"open","ping_status":"open","sticky":false,"template":"","format":"standard","meta":{"_crdt_document":"","footnotes":""},"categories":[1],"tags":[],"class_list":["post-38235","post","type-post","status-publish","format-standard","has-post-thumbnail","hentry","category-guncel"],"_links":{"self":[{"href":"https:\/\/www.egemtv.com\/index.php?rest_route=\/wp\/v2\/posts\/38235","targetHints":{"allow":["GET"]}}],"collection":[{"href":"https:\/\/www.egemtv.com\/index.php?rest_route=\/wp\/v2\/posts"}],"about":[{"href":"https:\/\/www.egemtv.com\/index.php?rest_route=\/wp\/v2\/types\/post"}],"author":[{"embeddable":true,"href":"https:\/\/www.egemtv.com\/index.php?rest_route=\/wp\/v2\/users\/1"}],"replies":[{"embeddable":true,"href":"https:\/\/www.egemtv.com\/index.php?rest_route=%2Fwp%2Fv2%2Fcomments&post=38235"}],"version-history":[{"count":1,"href":"https:\/\/www.egemtv.com\/index.php?rest_route=\/wp\/v2\/posts\/38235\/revisions"}],"predecessor-version":[{"id":38237,"href":"https:\/\/www.egemtv.com\/index.php?rest_route=\/wp\/v2\/posts\/38235\/revisions\/38237"}],"wp:featuredmedia":[{"embeddable":true,"href":"https:\/\/www.egemtv.com\/index.php?rest_route=\/wp\/v2\/media\/38236"}],"wp:attachment":[{"href":"https:\/\/www.egemtv.com\/index.php?rest_route=%2Fwp%2Fv2%2Fmedia&parent=38235"}],"wp:term":[{"taxonomy":"category","embeddable":true,"href":"https:\/\/www.egemtv.com\/index.php?rest_route=%2Fwp%2Fv2%2Fcategories&post=38235"},{"taxonomy":"post_tag","embeddable":true,"href":"https:\/\/www.egemtv.com\/index.php?rest_route=%2Fwp%2Fv2%2Ftags&post=38235"}],"curies":[{"name":"wp","href":"https:\/\/api.w.org\/{rel}","templated":true}]}}