{"id":38232,"date":"2025-06-27T15:36:04","date_gmt":"2025-06-27T12:36:04","guid":{"rendered":"https:\/\/www.egemtv.com\/?p=38232"},"modified":"2025-06-27T15:36:11","modified_gmt":"2025-06-27T12:36:11","slug":"izmir-bornovada-orman-yangini","status":"publish","type":"post","link":"https:\/\/www.egemtv.com\/?p=38232","title":{"rendered":"\u0130zmir Bornova\u2019da orman yang\u0131n\u0131"},"content":{"rendered":"<p>\u0130zmir\u2019in Bornova il\u00e7esindeki ziraat arazisinde ba\u015flayan daha sonra ormanl\u0131k alana sirayet eden yang\u0131na havadan ve karadan m\u00fcdahale ediliyor.<br \/>\n<br \/>Yang\u0131n, saat 14.20 s\u0131ralar\u0131nda Bornova il\u00e7esi Yakak\u00f6y Mahallesi\u2019nde meydana geldi. Hen\u00fcz belirlenemeyen sebepten dolay\u0131 ziraat arazisinde alevlerin y\u00fckseldi\u011fini g\u00f6ren vatanda\u015flar durumu 112 Acil \u00c7a\u011fr\u0131 Merkezine bildirdi. \u0130hbar \u00fczerine b\u00f6lgeye \u0130zmir Orman B\u00f6lge M\u00fcd\u00fcrl\u00fc\u011f\u00fc\u2019ne ba\u011fl\u0131; 2 u\u00e7ak, 9 helikopter, 17 araz\u00f6z, 5 su ikmal ve 3 dozer sevk edildi. Ekiplerin alevlere m\u00fcdahalesinin havadan ve karadan s\u00fcrd\u00fc\u011f\u00fc belirtilirken yang\u0131n\u0131n ormanl\u0131k alana da sirayet etti\u011fi ifade edildi.<br \/><\/p>\n","protected":false},"excerpt":{"rendered":"<p>\u0130zmir\u2019in Bornova il\u00e7esindeki ziraat arazisinde ba\u015flayan daha sonra ormanl\u0131k alana sirayet eden yang\u0131na havadan ve karadan m\u00fcdahale ediliyor. Yang\u0131n, saat 14.20 s\u0131ralar\u0131nda Bornova il\u00e7esi Yakak\u00f6y Mahallesi\u2019nde meydana geldi. Hen\u00fcz belirlenemeyen sebepten dolay\u0131 ziraat arazisinde alevlerin y\u00fckseldi\u011fini g\u00f6ren vatanda\u015flar durumu 112 Acil \u00c7a\u011fr\u0131 Merkezine bildirdi. \u0130hbar \u00fczerine b\u00f6lgeye \u0130zmir Orman B\u00f6lge M\u00fcd\u00fcrl\u00fc\u011f\u00fc\u2019ne ba\u011fl\u0131; 2 u\u00e7ak, 9&#8230;<\/p>\n","protected":false},"author":1,"featured_media":38233,"comment_status":"open","ping_status":"open","sticky":false,"template":"","format":"standard","meta":{"_crdt_document":"","footnotes":""},"categories":[5],"tags":[],"class_list":["post-38232","post","type-post","status-publish","format-standard","has-post-thumbnail","hentry","category-asayis"],"_links":{"self":[{"href":"https:\/\/www.egemtv.com\/index.php?rest_route=\/wp\/v2\/posts\/38232","targetHints":{"allow":["GET"]}}],"collection":[{"href":"https:\/\/www.egemtv.com\/index.php?rest_route=\/wp\/v2\/posts"}],"about":[{"href":"https:\/\/www.egemtv.com\/index.php?rest_route=\/wp\/v2\/types\/post"}],"author":[{"embeddable":true,"href":"https:\/\/www.egemtv.com\/index.php?rest_route=\/wp\/v2\/users\/1"}],"replies":[{"embeddable":true,"href":"https:\/\/www.egemtv.com\/index.php?rest_route=%2Fwp%2Fv2%2Fcomments&post=38232"}],"version-history":[{"count":1,"href":"https:\/\/www.egemtv.com\/index.php?rest_route=\/wp\/v2\/posts\/38232\/revisions"}],"predecessor-version":[{"id":38234,"href":"https:\/\/www.egemtv.com\/index.php?rest_route=\/wp\/v2\/posts\/38232\/revisions\/38234"}],"wp:featuredmedia":[{"embeddable":true,"href":"https:\/\/www.egemtv.com\/index.php?rest_route=\/wp\/v2\/media\/38233"}],"wp:attachment":[{"href":"https:\/\/www.egemtv.com\/index.php?rest_route=%2Fwp%2Fv2%2Fmedia&parent=38232"}],"wp:term":[{"taxonomy":"category","embeddable":true,"href":"https:\/\/www.egemtv.com\/index.php?rest_route=%2Fwp%2Fv2%2Fcategories&post=38232"},{"taxonomy":"post_tag","embeddable":true,"href":"https:\/\/www.egemtv.com\/index.php?rest_route=%2Fwp%2Fv2%2Ftags&post=38232"}],"curies":[{"name":"wp","href":"https:\/\/api.w.org\/{rel}","templated":true}]}}