{"id":38229,"date":"2025-06-27T15:35:59","date_gmt":"2025-06-27T12:35:59","guid":{"rendered":"https:\/\/www.egemtv.com\/?p=38229"},"modified":"2025-06-27T15:36:04","modified_gmt":"2025-06-27T12:36:04","slug":"mtoda-yeni-hizmet-basliyor","status":"publish","type":"post","link":"https:\/\/www.egemtv.com\/?p=38229","title":{"rendered":"MTO\u2019da yeni hizmet ba\u015fl\u0131yor"},"content":{"rendered":"<p>01 Temmuz\u2019dan itibaren ta\u015f\u0131mac\u0131l\u0131k sekt\u00f6r\u00fc i\u00e7in zorunlu K T\u00fcr\u00fc Yetki Belgeleri ve Say\u0131sal Takograf Kart\u0131 Marmaris Ticaret Odas\u0131\u2019ndan al\u0131nabilecek.<\/p>\n<p>Marmaris Ticaret Odas\u0131\u2019n\u0131n talebi do\u011frultusunda, T\u00fcrkiye Odalar ve Borsalar Birli\u011fi (TOBB) ile T.C. Ula\u015ft\u0131rma ve Altyap\u0131 Bakanl\u0131\u011f\u0131 aras\u0131nda imzalanan protokol kapsam\u0131nda, 01 Temmuz 2025 tarihi itibariyle K T\u00fcr\u00fc Yetki Belgeleri (K1, K2, K3) ile Say\u0131sal Takograf Kart\u0131 (Dijital Ehliyet) i\u015flemleri art\u0131k Marmaris Ticaret Odas\u0131\u2019ndan yap\u0131labilecek.<br \/>\n<br \/>Ticari ama\u00e7la yurti\u00e7i e\u015fya ta\u015f\u0131mac\u0131l\u0131\u011f\u0131 yapan, kendi ad\u0131na ticari veya hususi olarak kay\u0131t ve tescil edilmi\u015f ta\u015f\u0131tla sadece kendi esas i\u015ftigal konusu ile ilgili e\u015fya ta\u015f\u0131mac\u0131l\u0131\u011f\u0131 yapan veya ticari ama\u00e7la yurti\u00e7i ev ve b\u00fcro e\u015fyas\u0131 ta\u015f\u0131mac\u0131l\u0131\u011f\u0131 yapan ger\u00e7ek ve t\u00fczel vergi m\u00fckelleflerinin almas\u0131 zorunlu K T\u00fcr\u00fc Yetki Belgeleri ile karayolu ile yolcu ve e\u015fya ta\u015f\u0131mac\u0131l\u0131\u011f\u0131 yapan ticari ara\u00e7lar i\u00e7in zorunlu Say\u0131sal Takograf Kart\u0131 (Dijital Ehliyet) i\u015flemleri 1 Temmuz\u2019dan itibaren Marmaris Ticaret Odas\u0131\u2019ndan yap\u0131labilecek.<br \/>\n<br \/>Bu yeni hizmetle birlikte, Marmaris\u2019te faaliyet g\u00f6steren ger\u00e7ek ki\u015fi ve t\u00fczel i\u015fletmeler oda \u00fcyesi olup olmamas\u0131na bak\u0131lmaks\u0131z\u0131n belge ve kart ba\u015fvurusu, s\u00fcre uzat\u0131m\u0131 ve yenileme ile ta\u015f\u0131t ekleme ve ta\u015f\u0131t d\u00fc\u015f\u00fcm\u00fc hizmetlerinden faydalanabilecek.<br \/>\n<br \/>Konuyla ilgili a\u00e7\u0131klama yapan Marmaris Ticaret Odas\u0131 Y\u00f6netim Kurulu Ba\u015fkan\u0131 S. Mutlu Ayhan &#8220;\u00dcyelerimizin i\u015flerini kolayla\u015ft\u0131rmak, zaman ve maliyet kayb\u0131n\u0131 en aza indirmek amac\u0131yla ge\u00e7ti\u011fimiz aylarda yapm\u0131\u015f oldu\u011fumuz ba\u015fvurumuz nihayet olumlu sonu\u00e7land\u0131. 1 Temmuz\u2019dan itibaren K Belgeleri ve Say\u0131sal Takograf Kart\u0131 i\u015flemlerini Odam\u0131zdan sunmaya ba\u015fl\u0131yoruz. Ba\u015fta TOBB Ba\u015fkan\u0131m\u0131z Say\u0131n M. Rifat Hisarc\u0131kl\u0131o\u011flu olmak \u00fczere, s\u00fcrece katk\u0131 sunan t\u00fcm ki\u015fi ve kurumlara te\u015fekk\u00fcr ediyor, Marmaris\u2019e hay\u0131rl\u0131 olmas\u0131n\u0131 diliyorum&#8221; \u015feklinde konu\u015ftu.<br \/><\/p>\n","protected":false},"excerpt":{"rendered":"<p>01 Temmuz\u2019dan itibaren ta\u015f\u0131mac\u0131l\u0131k sekt\u00f6r\u00fc i\u00e7in zorunlu K T\u00fcr\u00fc Yetki Belgeleri ve Say\u0131sal Takograf Kart\u0131 Marmaris Ticaret Odas\u0131\u2019ndan al\u0131nabilecek. Marmaris Ticaret Odas\u0131\u2019n\u0131n talebi do\u011frultusunda, T\u00fcrkiye Odalar ve Borsalar Birli\u011fi (TOBB) ile T.C. Ula\u015ft\u0131rma ve Altyap\u0131 Bakanl\u0131\u011f\u0131 aras\u0131nda imzalanan protokol kapsam\u0131nda, 01 Temmuz 2025 tarihi itibariyle K T\u00fcr\u00fc Yetki Belgeleri (K1, K2, K3) ile Say\u0131sal Takograf&#8230;<\/p>\n","protected":false},"author":1,"featured_media":38230,"comment_status":"open","ping_status":"open","sticky":false,"template":"","format":"standard","meta":{"_crdt_document":"","footnotes":""},"categories":[1],"tags":[],"class_list":["post-38229","post","type-post","status-publish","format-standard","has-post-thumbnail","hentry","category-guncel"],"_links":{"self":[{"href":"https:\/\/www.egemtv.com\/index.php?rest_route=\/wp\/v2\/posts\/38229","targetHints":{"allow":["GET"]}}],"collection":[{"href":"https:\/\/www.egemtv.com\/index.php?rest_route=\/wp\/v2\/posts"}],"about":[{"href":"https:\/\/www.egemtv.com\/index.php?rest_route=\/wp\/v2\/types\/post"}],"author":[{"embeddable":true,"href":"https:\/\/www.egemtv.com\/index.php?rest_route=\/wp\/v2\/users\/1"}],"replies":[{"embeddable":true,"href":"https:\/\/www.egemtv.com\/index.php?rest_route=%2Fwp%2Fv2%2Fcomments&post=38229"}],"version-history":[{"count":1,"href":"https:\/\/www.egemtv.com\/index.php?rest_route=\/wp\/v2\/posts\/38229\/revisions"}],"predecessor-version":[{"id":38231,"href":"https:\/\/www.egemtv.com\/index.php?rest_route=\/wp\/v2\/posts\/38229\/revisions\/38231"}],"wp:featuredmedia":[{"embeddable":true,"href":"https:\/\/www.egemtv.com\/index.php?rest_route=\/wp\/v2\/media\/38230"}],"wp:attachment":[{"href":"https:\/\/www.egemtv.com\/index.php?rest_route=%2Fwp%2Fv2%2Fmedia&parent=38229"}],"wp:term":[{"taxonomy":"category","embeddable":true,"href":"https:\/\/www.egemtv.com\/index.php?rest_route=%2Fwp%2Fv2%2Fcategories&post=38229"},{"taxonomy":"post_tag","embeddable":true,"href":"https:\/\/www.egemtv.com\/index.php?rest_route=%2Fwp%2Fv2%2Ftags&post=38229"}],"curies":[{"name":"wp","href":"https:\/\/api.w.org\/{rel}","templated":true}]}}