{"id":38226,"date":"2025-06-27T15:35:54","date_gmt":"2025-06-27T12:35:54","guid":{"rendered":"https:\/\/www.egemtv.com\/?p=38226"},"modified":"2025-06-27T15:35:58","modified_gmt":"2025-06-27T12:35:58","slug":"unlu-radyocu-nihat-sirdar-merkezefendiye-geliyor","status":"publish","type":"post","link":"https:\/\/www.egemtv.com\/?p=38226","title":{"rendered":"\u00dcnl\u00fc radyocu Nihat S\u0131rdar, Merkezefendi\u2019ye geliyor"},"content":{"rendered":"<p>Merkezefendi Belediyesi\u2019nin ev sahipli\u011finde \u00fcnl\u00fc radyocu Nihat S\u0131rdar &#8220;90\u2019lar Kafas\u0131&#8221; program\u0131 ile 30 Aral\u0131k Pazartesi g\u00fcn\u00fc Denizlililer ile bulu\u015facak.<\/p>\n<p>Merkezefendi Belediyesi k\u00fclt\u00fcr ve sanat etkinliklerine devam ediyor. T\u00fcrkiye\u2019nin sevilen radyo programc\u0131s\u0131 Nihat S\u0131rdar\u2019la &#8220;90\u2019lar Kafas\u0131&#8221; program\u0131n\u0131, Merkezefendi Belediyesi\u2019nin ev sahipli\u011finde Denizli\u2019de yapacak. S\u0131rdar, 1 Temmuz Pazartesi g\u00fcn\u00fc saat 21.30\u2019da Merkezefendi K\u00fclt\u00fcr Merkezi a\u00e7\u0131k otopark\u0131nda, 90\u2019l\u0131 y\u0131llar\u0131n haf\u0131zalardan silinmeyen \u015fark\u0131lar\u0131n\u0131 Denizlililer i\u00e7in \u00e7alacak.<\/p>\n<p>Bu nostaljik etkinlikte, 90\u2019l\u0131 y\u0131llar\u0131n sevilen \u015fark\u0131lar\u0131 e\u015fli\u011finde Denizlililer ge\u00e7mi\u015fin tatl\u0131 hat\u0131ralara yolculuk yaparak keyifli bir ak\u015fam ge\u00e7irecek. Merkezefendi Belediye Ba\u015fkan\u0131 \u015eeniz Do\u011fan da t\u00fcm Merkezefendili ve Denizlilileri, 30 Aral\u0131k Pazartesi g\u00fcn\u00fc ger\u00e7ekle\u015ftirilecek olan programa davet etti.<br \/><\/p>\n","protected":false},"excerpt":{"rendered":"<p>Merkezefendi Belediyesi\u2019nin ev sahipli\u011finde \u00fcnl\u00fc radyocu Nihat S\u0131rdar &#8220;90\u2019lar Kafas\u0131&#8221; program\u0131 ile 30 Aral\u0131k Pazartesi g\u00fcn\u00fc Denizlililer ile bulu\u015facak. Merkezefendi Belediyesi k\u00fclt\u00fcr ve sanat etkinliklerine devam ediyor. T\u00fcrkiye\u2019nin sevilen radyo programc\u0131s\u0131 Nihat S\u0131rdar\u2019la &#8220;90\u2019lar Kafas\u0131&#8221; program\u0131n\u0131, Merkezefendi Belediyesi\u2019nin ev sahipli\u011finde Denizli\u2019de yapacak. S\u0131rdar, 1 Temmuz Pazartesi g\u00fcn\u00fc saat 21.30\u2019da Merkezefendi K\u00fclt\u00fcr Merkezi a\u00e7\u0131k otopark\u0131nda, 90\u2019l\u0131&#8230;<\/p>\n","protected":false},"author":1,"featured_media":38227,"comment_status":"open","ping_status":"open","sticky":false,"template":"","format":"standard","meta":{"_crdt_document":"","footnotes":""},"categories":[1],"tags":[],"class_list":["post-38226","post","type-post","status-publish","format-standard","has-post-thumbnail","hentry","category-guncel"],"_links":{"self":[{"href":"https:\/\/www.egemtv.com\/index.php?rest_route=\/wp\/v2\/posts\/38226","targetHints":{"allow":["GET"]}}],"collection":[{"href":"https:\/\/www.egemtv.com\/index.php?rest_route=\/wp\/v2\/posts"}],"about":[{"href":"https:\/\/www.egemtv.com\/index.php?rest_route=\/wp\/v2\/types\/post"}],"author":[{"embeddable":true,"href":"https:\/\/www.egemtv.com\/index.php?rest_route=\/wp\/v2\/users\/1"}],"replies":[{"embeddable":true,"href":"https:\/\/www.egemtv.com\/index.php?rest_route=%2Fwp%2Fv2%2Fcomments&post=38226"}],"version-history":[{"count":1,"href":"https:\/\/www.egemtv.com\/index.php?rest_route=\/wp\/v2\/posts\/38226\/revisions"}],"predecessor-version":[{"id":38228,"href":"https:\/\/www.egemtv.com\/index.php?rest_route=\/wp\/v2\/posts\/38226\/revisions\/38228"}],"wp:featuredmedia":[{"embeddable":true,"href":"https:\/\/www.egemtv.com\/index.php?rest_route=\/wp\/v2\/media\/38227"}],"wp:attachment":[{"href":"https:\/\/www.egemtv.com\/index.php?rest_route=%2Fwp%2Fv2%2Fmedia&parent=38226"}],"wp:term":[{"taxonomy":"category","embeddable":true,"href":"https:\/\/www.egemtv.com\/index.php?rest_route=%2Fwp%2Fv2%2Fcategories&post=38226"},{"taxonomy":"post_tag","embeddable":true,"href":"https:\/\/www.egemtv.com\/index.php?rest_route=%2Fwp%2Fv2%2Ftags&post=38226"}],"curies":[{"name":"wp","href":"https:\/\/api.w.org\/{rel}","templated":true}]}}