{"id":38223,"date":"2025-06-27T15:35:49","date_gmt":"2025-06-27T12:35:49","guid":{"rendered":"https:\/\/www.egemtv.com\/?p=38223"},"modified":"2025-06-27T15:35:54","modified_gmt":"2025-06-27T12:35:54","slug":"yunusemreden-park-ve-bahcelerde-kapsamli-calisma","status":"publish","type":"post","link":"https:\/\/www.egemtv.com\/?p=38223","title":{"rendered":"Yunusemre\u2019den park ve bah\u00e7elerde kapsaml\u0131 \u00e7al\u0131\u015fma"},"content":{"rendered":"<p>Yunusemre Belediyesi vatanda\u015f\u0131n huzurlu ve sa\u011fl\u0131kl\u0131 bir ortamda ya\u015famas\u0131 amac\u0131yla il\u00e7ede bulunan mahallelerde yer alan park ve bah\u00e7elerde kapsaml\u0131 bak\u0131m, onar\u0131m ve tamir \u00e7al\u0131\u015fmas\u0131 ba\u015flatt\u0131.<br \/>\n<br \/>Yunusemre Belediyesi il\u00e7ede yer alan mahallelerde kapsaml\u0131 olarak park ve bah\u00e7e bak\u0131m \u00e7al\u0131\u015fmas\u0131 ger\u00e7ekle\u015ftiriyor. Park ve Bah\u00e7eler M\u00fcd\u00fcrl\u00fc\u011f\u00fc ekipleri taraf\u0131ndan yap\u0131lan \u00e7al\u0131\u015fmalarla birlikte mahallelerde bulunan kald\u0131r\u0131mlarda ot temizleme, \u00e7im bi\u00e7me ve a\u011fa\u00e7 budama yap\u0131l\u0131yor.<br \/>\n<br \/>Oyun gruplar\u0131nda tamir ve bak\u0131m \u00e7al\u0131\u015fmas\u0131 yapan ekipler, yakla\u015f\u0131k bir ay s\u00fcrmesi beklenen \u00e7al\u0131\u015fmalarla her g\u00fcn farkl\u0131 bir mahallede detayl\u0131 \u00e7al\u0131\u015fmada bulunmay\u0131 hedefliyor. Yap\u0131lan \u00e7al\u0131\u015fmalardan duyduklar\u0131 memnuniyeti dile getiren vatanda\u015flar Yunusemre Belediye Ba\u015fkan\u0131 Semih Balaban ve eme\u011fi ge\u00e7enlere te\u015fekk\u00fcr etti.<br \/><\/p>\n","protected":false},"excerpt":{"rendered":"<p>Yunusemre Belediyesi vatanda\u015f\u0131n huzurlu ve sa\u011fl\u0131kl\u0131 bir ortamda ya\u015famas\u0131 amac\u0131yla il\u00e7ede bulunan mahallelerde yer alan park ve bah\u00e7elerde kapsaml\u0131 bak\u0131m, onar\u0131m ve tamir \u00e7al\u0131\u015fmas\u0131 ba\u015flatt\u0131. Yunusemre Belediyesi il\u00e7ede yer alan mahallelerde kapsaml\u0131 olarak park ve bah\u00e7e bak\u0131m \u00e7al\u0131\u015fmas\u0131 ger\u00e7ekle\u015ftiriyor. Park ve Bah\u00e7eler M\u00fcd\u00fcrl\u00fc\u011f\u00fc ekipleri taraf\u0131ndan yap\u0131lan \u00e7al\u0131\u015fmalarla birlikte mahallelerde bulunan kald\u0131r\u0131mlarda ot temizleme, \u00e7im bi\u00e7me&#8230;<\/p>\n","protected":false},"author":1,"featured_media":38224,"comment_status":"open","ping_status":"open","sticky":false,"template":"","format":"standard","meta":{"_crdt_document":"","footnotes":""},"categories":[1],"tags":[],"class_list":["post-38223","post","type-post","status-publish","format-standard","has-post-thumbnail","hentry","category-guncel"],"_links":{"self":[{"href":"https:\/\/www.egemtv.com\/index.php?rest_route=\/wp\/v2\/posts\/38223","targetHints":{"allow":["GET"]}}],"collection":[{"href":"https:\/\/www.egemtv.com\/index.php?rest_route=\/wp\/v2\/posts"}],"about":[{"href":"https:\/\/www.egemtv.com\/index.php?rest_route=\/wp\/v2\/types\/post"}],"author":[{"embeddable":true,"href":"https:\/\/www.egemtv.com\/index.php?rest_route=\/wp\/v2\/users\/1"}],"replies":[{"embeddable":true,"href":"https:\/\/www.egemtv.com\/index.php?rest_route=%2Fwp%2Fv2%2Fcomments&post=38223"}],"version-history":[{"count":1,"href":"https:\/\/www.egemtv.com\/index.php?rest_route=\/wp\/v2\/posts\/38223\/revisions"}],"predecessor-version":[{"id":38225,"href":"https:\/\/www.egemtv.com\/index.php?rest_route=\/wp\/v2\/posts\/38223\/revisions\/38225"}],"wp:featuredmedia":[{"embeddable":true,"href":"https:\/\/www.egemtv.com\/index.php?rest_route=\/wp\/v2\/media\/38224"}],"wp:attachment":[{"href":"https:\/\/www.egemtv.com\/index.php?rest_route=%2Fwp%2Fv2%2Fmedia&parent=38223"}],"wp:term":[{"taxonomy":"category","embeddable":true,"href":"https:\/\/www.egemtv.com\/index.php?rest_route=%2Fwp%2Fv2%2Fcategories&post=38223"},{"taxonomy":"post_tag","embeddable":true,"href":"https:\/\/www.egemtv.com\/index.php?rest_route=%2Fwp%2Fv2%2Ftags&post=38223"}],"curies":[{"name":"wp","href":"https:\/\/api.w.org\/{rel}","templated":true}]}}