{"id":38220,"date":"2025-06-27T15:35:45","date_gmt":"2025-06-27T12:35:45","guid":{"rendered":"https:\/\/www.egemtv.com\/?p=38220"},"modified":"2025-06-27T15:35:49","modified_gmt":"2025-06-27T12:35:49","slug":"buyuksehirden-sokede-bakim-ve-temizlik-calismasi","status":"publish","type":"post","link":"https:\/\/www.egemtv.com\/?p=38220","title":{"rendered":"B\u00fcy\u00fck\u015fehir\u2019den S\u00f6ke\u2019de bak\u0131m ve temizlik \u00e7al\u0131\u015fmas\u0131"},"content":{"rendered":"<p>Ayd\u0131n B\u00fcy\u00fck\u015fehir Belediyesi, kentin d\u00f6rt bir yan\u0131nda s\u00fcrd\u00fcrd\u00fc\u011f\u00fc hizmet ata\u011f\u0131n\u0131 bu kez S\u00f6ke\u2019de devam ettirdi. Park ve Bah\u00e7eler Dairesi Ba\u015fkanl\u0131\u011f\u0131, \u00c7evre Koruma ve Kontrol Dairesi Ba\u015fkanl\u0131\u011f\u0131 ile Ula\u015f\u0131m Dairesi Ba\u015fkanl\u0131\u011f\u0131 ekipleri, il\u00e7ede koordineli bir \u015fekilde bak\u0131m, yenileme ve temizlik \u00e7al\u0131\u015fmalar\u0131 ger\u00e7ekle\u015ftirdi.<br \/>\n<br \/>Park ve Bah\u00e7eler Dairesi Ba\u015fkanl\u0131\u011f\u0131 ekipleri, il\u00e7ede bulunan parklarda ve ye\u015fil alanlarda kapsaml\u0131 peyzaj d\u00fczenlemeleri yapt\u0131. Ekipler; \u00e7im bi\u00e7me, \u00e7\u0131rpma ve genel temizlik faaliyetlerini de titizlikle tamamland\u0131.<br \/>\n<br \/>Ula\u015f\u0131m Dairesi Ba\u015fkanl\u0131\u011f\u0131 ekipleri ise il\u00e7e genelindeki sinyalizasyon sistemleri ile trafik levhalar\u0131n\u0131n bak\u0131m\u0131n\u0131 yaparken, yaya ge\u00e7itleri ve yol \u00e7izgilerini yenileyerek s\u00fcr\u00fc\u015f g\u00fcvenli\u011fini art\u0131rd\u0131. G\u00fcnl\u00fck olarak yo\u011fun \u015fekilde kullan\u0131lan otob\u00fcs duraklar\u0131nda da bak\u0131m ve temizlik \u00e7al\u0131\u015fmalar\u0131 ger\u00e7ekle\u015ftirildi.<br \/>\n<br \/>\u00c7evre Koruma ve Kontrol Dairesi Ba\u015fkanl\u0131\u011f\u0131 ekipleri; cadde, bulvar ve duraklarda 24 saat esasl\u0131 temizlik faaliyetlerini s\u00fcrd\u00fcrerek S\u00f6ke\u2019yi p\u0131r\u0131l p\u0131r\u0131l yapt\u0131. Yap\u0131lan \u00e7al\u0131\u015fmalar hem g\u00f6rsel hem hijyen a\u00e7\u0131s\u0131ndan vatanda\u015flardan tam not ald\u0131.<br \/>\n<br \/>\u00c7al\u0131\u015fmalar\u0131n devam edece\u011fini belirten Ayd\u0131n B\u00fcy\u00fck\u015fehir Belediye Ba\u015fkan\u0131 \u00d6zlem \u00c7er\u00e7io\u011flu, &#8220;Ayd\u0131n\u0131m\u0131z\u0131n t\u00fcm il\u00e7elerinde vatanda\u015flar\u0131m\u0131z\u0131 hizmetlerimiz ile bulu\u015fturuyoruz. \u00c7al\u0131\u015fmalar\u0131m\u0131z\u0131 aral\u0131ks\u0131z s\u00fcrd\u00fcrece\u011fiz&#8221; ifadelerini kulland\u0131.<br \/>\n<br \/>\u00c7al\u0131\u015fmalardan memnuniyet duyduklar\u0131n\u0131 belirten vatanda\u015flar, hizmetlerinden dolay\u0131 Ayd\u0131n B\u00fcy\u00fck\u015fehir Belediye Ba\u015fkan\u0131 \u00d6zlem \u00c7er\u00e7io\u011flu\u2019na te\u015fekk\u00fcr etti.<br \/><\/p>\n","protected":false},"excerpt":{"rendered":"<p>Ayd\u0131n B\u00fcy\u00fck\u015fehir Belediyesi, kentin d\u00f6rt bir yan\u0131nda s\u00fcrd\u00fcrd\u00fc\u011f\u00fc hizmet ata\u011f\u0131n\u0131 bu kez S\u00f6ke\u2019de devam ettirdi. Park ve Bah\u00e7eler Dairesi Ba\u015fkanl\u0131\u011f\u0131, \u00c7evre Koruma ve Kontrol Dairesi Ba\u015fkanl\u0131\u011f\u0131 ile Ula\u015f\u0131m Dairesi Ba\u015fkanl\u0131\u011f\u0131 ekipleri, il\u00e7ede koordineli bir \u015fekilde bak\u0131m, yenileme ve temizlik \u00e7al\u0131\u015fmalar\u0131 ger\u00e7ekle\u015ftirdi. Park ve Bah\u00e7eler Dairesi Ba\u015fkanl\u0131\u011f\u0131 ekipleri, il\u00e7ede bulunan parklarda ve ye\u015fil alanlarda kapsaml\u0131 peyzaj&#8230;<\/p>\n","protected":false},"author":1,"featured_media":38221,"comment_status":"open","ping_status":"open","sticky":false,"template":"","format":"standard","meta":{"_crdt_document":"","footnotes":""},"categories":[1],"tags":[],"class_list":["post-38220","post","type-post","status-publish","format-standard","has-post-thumbnail","hentry","category-guncel"],"_links":{"self":[{"href":"https:\/\/www.egemtv.com\/index.php?rest_route=\/wp\/v2\/posts\/38220","targetHints":{"allow":["GET"]}}],"collection":[{"href":"https:\/\/www.egemtv.com\/index.php?rest_route=\/wp\/v2\/posts"}],"about":[{"href":"https:\/\/www.egemtv.com\/index.php?rest_route=\/wp\/v2\/types\/post"}],"author":[{"embeddable":true,"href":"https:\/\/www.egemtv.com\/index.php?rest_route=\/wp\/v2\/users\/1"}],"replies":[{"embeddable":true,"href":"https:\/\/www.egemtv.com\/index.php?rest_route=%2Fwp%2Fv2%2Fcomments&post=38220"}],"version-history":[{"count":1,"href":"https:\/\/www.egemtv.com\/index.php?rest_route=\/wp\/v2\/posts\/38220\/revisions"}],"predecessor-version":[{"id":38222,"href":"https:\/\/www.egemtv.com\/index.php?rest_route=\/wp\/v2\/posts\/38220\/revisions\/38222"}],"wp:featuredmedia":[{"embeddable":true,"href":"https:\/\/www.egemtv.com\/index.php?rest_route=\/wp\/v2\/media\/38221"}],"wp:attachment":[{"href":"https:\/\/www.egemtv.com\/index.php?rest_route=%2Fwp%2Fv2%2Fmedia&parent=38220"}],"wp:term":[{"taxonomy":"category","embeddable":true,"href":"https:\/\/www.egemtv.com\/index.php?rest_route=%2Fwp%2Fv2%2Fcategories&post=38220"},{"taxonomy":"post_tag","embeddable":true,"href":"https:\/\/www.egemtv.com\/index.php?rest_route=%2Fwp%2Fv2%2Ftags&post=38220"}],"curies":[{"name":"wp","href":"https:\/\/api.w.org\/{rel}","templated":true}]}}