{"id":38214,"date":"2025-06-27T15:16:15","date_gmt":"2025-06-27T12:16:15","guid":{"rendered":"https:\/\/www.egemtv.com\/?p=38214"},"modified":"2025-06-27T15:16:21","modified_gmt":"2025-06-27T12:16:21","slug":"camelinden-baskan-boceke-sakin-sehir-tesekkuru","status":"publish","type":"post","link":"https:\/\/www.egemtv.com\/?p=38214","title":{"rendered":"\u00c7ameli\u2019nden Ba\u015fkan B\u00f6cek\u2019e \u2018Sakin \u015eehir\u2019 te\u015fekk\u00fcr\u00fc"},"content":{"rendered":"<p>DEN\u0130ZL\u0130 (\u0130HA) \u2013 \u00c7ameli Belediye Ba\u015fkan\u0131 Cengiz Arslan, il\u00e7enin 27. Cittaslow \u00fcyesi se\u00e7ilmesinden dolay\u0131, Cittaslow T\u00fcrkiye Ofisi ve Ba\u015fkan Muhittin B\u00f6cek\u2019e te\u015fekk\u00fcr ziyaretinde bulundu.<\/p>\n<p>Denizli\u2019nin \u00c7ameli il\u00e7esi, Sakin \u015eehir (Cittaslow) unvan\u0131n\u0131 alarak Cittaslow T\u00fcrkiye A\u011f\u0131na kat\u0131ld\u0131. G\u00fcney Kore\u2019nin Wando Adas\u0131\u2019nda d\u00fczenlenen Cittaslow Ulusal Meclisinde, resmi \u00fcyelik sertifikas\u0131 \u00c7ameli Belediye Ba\u015fkan\u0131 Cengiz Arslan ve beraberindeki heyete takdim edildi.<\/p>\n<p>\u00dcyelik s\u00fcrecini ba\u015far\u0131yla tamamlayan \u00c7ameli heyeti, T\u00fcrkiye\u2019ye d\u00f6n\u00fc\u015flerinde Cittaslow T\u00fcrkiye Ofisini ziyaret etti. Ziyaret kapsam\u0131nda, ba\u015fvuru dosyalar\u0131 teslim edilerek \u00f6n\u00fcm\u00fczdeki d\u00f6nemde y\u00fcr\u00fct\u00fclebilecek projeler ve i\u015f birlikleri \u00fczerine g\u00f6r\u00fc\u015fmeler yap\u0131ld\u0131.<\/p>\n<p>Antalya B\u00fcy\u00fck\u015fehir Belediye Ba\u015fkan\u0131 ve Cittaslow T\u00fcrkiye Koordinat\u00f6r\u00fc Muhittin B\u00f6cek, Ba\u015fkan Arslan ve \u00c7ameli heyetini makam\u0131nda a\u011f\u0131rlad\u0131. G\u00f6r\u00fc\u015fmede, Cittaslow s\u00fcrecine verilen destekten dolay\u0131 te\u015fekk\u00fcr eden Arslan, bu s\u00fcrecin yerel kalk\u0131nma a\u00e7\u0131s\u0131ndan \u00f6nemine vurgu yapt\u0131. Ba\u015fkan Muhittin B\u00f6cek ise do\u011fayla uyumlu, insan odakl\u0131 ve s\u00fcrd\u00fcr\u00fclebilir ya\u015fam anlay\u0131\u015f\u0131n\u0131 te\u015fvik eden Cittaslow hareketinin T\u00fcrkiye\u2019de yayg\u0131nla\u015fmas\u0131ndan duydu\u011fu memnuniyeti dile getirdi.<\/p>\n<p>Toplant\u0131da yerel kalk\u0131nma, \u00e7evre duyarl\u0131l\u0131\u011f\u0131 ve k\u00fclt\u00fcrel miras\u0131n korunmas\u0131 gibi ba\u015fl\u0131klarda kar\u015f\u0131l\u0131kl\u0131 i\u015f birli\u011fi mesajlar\u0131 verildi.<br \/><\/p>\n","protected":false},"excerpt":{"rendered":"<p>DEN\u0130ZL\u0130 (\u0130HA) \u2013 \u00c7ameli Belediye Ba\u015fkan\u0131 Cengiz Arslan, il\u00e7enin 27. Cittaslow \u00fcyesi se\u00e7ilmesinden dolay\u0131, Cittaslow T\u00fcrkiye Ofisi ve Ba\u015fkan Muhittin B\u00f6cek\u2019e te\u015fekk\u00fcr ziyaretinde bulundu. Denizli\u2019nin \u00c7ameli il\u00e7esi, Sakin \u015eehir (Cittaslow) unvan\u0131n\u0131 alarak Cittaslow T\u00fcrkiye A\u011f\u0131na kat\u0131ld\u0131. G\u00fcney Kore\u2019nin Wando Adas\u0131\u2019nda d\u00fczenlenen Cittaslow Ulusal Meclisinde, resmi \u00fcyelik sertifikas\u0131 \u00c7ameli Belediye Ba\u015fkan\u0131 Cengiz Arslan ve beraberindeki heyete&#8230;<\/p>\n","protected":false},"author":1,"featured_media":38215,"comment_status":"open","ping_status":"open","sticky":false,"template":"","format":"standard","meta":{"_crdt_document":"","footnotes":""},"categories":[1],"tags":[],"class_list":["post-38214","post","type-post","status-publish","format-standard","has-post-thumbnail","hentry","category-guncel"],"_links":{"self":[{"href":"https:\/\/www.egemtv.com\/index.php?rest_route=\/wp\/v2\/posts\/38214","targetHints":{"allow":["GET"]}}],"collection":[{"href":"https:\/\/www.egemtv.com\/index.php?rest_route=\/wp\/v2\/posts"}],"about":[{"href":"https:\/\/www.egemtv.com\/index.php?rest_route=\/wp\/v2\/types\/post"}],"author":[{"embeddable":true,"href":"https:\/\/www.egemtv.com\/index.php?rest_route=\/wp\/v2\/users\/1"}],"replies":[{"embeddable":true,"href":"https:\/\/www.egemtv.com\/index.php?rest_route=%2Fwp%2Fv2%2Fcomments&post=38214"}],"version-history":[{"count":1,"href":"https:\/\/www.egemtv.com\/index.php?rest_route=\/wp\/v2\/posts\/38214\/revisions"}],"predecessor-version":[{"id":38216,"href":"https:\/\/www.egemtv.com\/index.php?rest_route=\/wp\/v2\/posts\/38214\/revisions\/38216"}],"wp:featuredmedia":[{"embeddable":true,"href":"https:\/\/www.egemtv.com\/index.php?rest_route=\/wp\/v2\/media\/38215"}],"wp:attachment":[{"href":"https:\/\/www.egemtv.com\/index.php?rest_route=%2Fwp%2Fv2%2Fmedia&parent=38214"}],"wp:term":[{"taxonomy":"category","embeddable":true,"href":"https:\/\/www.egemtv.com\/index.php?rest_route=%2Fwp%2Fv2%2Fcategories&post=38214"},{"taxonomy":"post_tag","embeddable":true,"href":"https:\/\/www.egemtv.com\/index.php?rest_route=%2Fwp%2Fv2%2Ftags&post=38214"}],"curies":[{"name":"wp","href":"https:\/\/api.w.org\/{rel}","templated":true}]}}