{"id":38211,"date":"2025-06-27T14:56:15","date_gmt":"2025-06-27T11:56:15","guid":{"rendered":"https:\/\/www.egemtv.com\/?p=38211"},"modified":"2025-06-27T14:56:16","modified_gmt":"2025-06-27T11:56:16","slug":"kutahyadaki-tup-bayisinde-yasanan-patlamalarda-yaralanan-kisi-hayatini-kaybetti","status":"publish","type":"post","link":"https:\/\/www.egemtv.com\/?p=38211","title":{"rendered":"K\u00fctahya\u2019daki t\u00fcp bayisinde ya\u015fanan patlamalarda yaralanan ki\u015fi hayat\u0131n\u0131 kaybetti"},"content":{"rendered":"<p>K\u00fctahya\u2019da \u00f6nceki g\u00fcn bir t\u00fcp bayisinde \u00e7\u0131kan yang\u0131n ve sonras\u0131nda meydana gelen patlamalarda a\u011f\u0131r yaralanan S\u00fcleyman Sar\u0131er, tedavi g\u00f6rd\u00fc\u011f\u00fc Eski\u015fehir\u2019deki hastanede hayat\u0131n\u0131 kaybetti.<br \/>\n<br \/>25 Haziran g\u00fcn\u00fc saat 15.45\u2019de K\u00fctahya kent merkezi Adnan Menderes Caddesi \u00fczerindeki bir t\u00fcp bayisinde yang\u0131n ve daha sonra da patlamalar ya\u015fanm\u0131\u015ft\u0131. Olayda S\u00fcleyman Sar\u0131er (51), Abdullah Yenilmez ve Saadettin Yenilmez a\u011f\u0131r yaralanm\u0131\u015ft\u0131. V\u00fccudunda ciddi yan\u0131klar olu\u015fan Sar\u0131er, \u00f6nceki g\u00fcn sevk edildi\u011fi Eski\u015fehir\u2019deki hastanede iki g\u00fcn s\u00fcren ya\u015fam m\u00fccadelesini kaybetti.<br \/>\n<br \/>Abdullah Yenilmez ve Saadettin Yenilmez\u2019in hastanede tedavilerinin s\u00fcrd\u00fc\u011f\u00fc, olayda yaralanan 5 ki\u015finin ise ayn\u0131 g\u00fcn hastaneden taburcu edildi\u011fi a\u00e7\u0131kland\u0131.<br \/><\/p>\n","protected":false},"excerpt":{"rendered":"<p>K\u00fctahya\u2019da \u00f6nceki g\u00fcn bir t\u00fcp bayisinde \u00e7\u0131kan yang\u0131n ve sonras\u0131nda meydana gelen patlamalarda a\u011f\u0131r yaralanan S\u00fcleyman Sar\u0131er, tedavi g\u00f6rd\u00fc\u011f\u00fc Eski\u015fehir\u2019deki hastanede hayat\u0131n\u0131 kaybetti. 25 Haziran g\u00fcn\u00fc saat 15.45\u2019de K\u00fctahya kent merkezi Adnan Menderes Caddesi \u00fczerindeki bir t\u00fcp bayisinde yang\u0131n ve daha sonra da patlamalar ya\u015fanm\u0131\u015ft\u0131. Olayda S\u00fcleyman Sar\u0131er (51), Abdullah Yenilmez ve Saadettin Yenilmez a\u011f\u0131r&#8230;<\/p>\n","protected":false},"author":1,"featured_media":38212,"comment_status":"open","ping_status":"open","sticky":false,"template":"","format":"standard","meta":{"_crdt_document":"","footnotes":""},"categories":[5],"tags":[],"class_list":["post-38211","post","type-post","status-publish","format-standard","has-post-thumbnail","hentry","category-asayis"],"_links":{"self":[{"href":"https:\/\/www.egemtv.com\/index.php?rest_route=\/wp\/v2\/posts\/38211","targetHints":{"allow":["GET"]}}],"collection":[{"href":"https:\/\/www.egemtv.com\/index.php?rest_route=\/wp\/v2\/posts"}],"about":[{"href":"https:\/\/www.egemtv.com\/index.php?rest_route=\/wp\/v2\/types\/post"}],"author":[{"embeddable":true,"href":"https:\/\/www.egemtv.com\/index.php?rest_route=\/wp\/v2\/users\/1"}],"replies":[{"embeddable":true,"href":"https:\/\/www.egemtv.com\/index.php?rest_route=%2Fwp%2Fv2%2Fcomments&post=38211"}],"version-history":[{"count":1,"href":"https:\/\/www.egemtv.com\/index.php?rest_route=\/wp\/v2\/posts\/38211\/revisions"}],"predecessor-version":[{"id":38213,"href":"https:\/\/www.egemtv.com\/index.php?rest_route=\/wp\/v2\/posts\/38211\/revisions\/38213"}],"wp:featuredmedia":[{"embeddable":true,"href":"https:\/\/www.egemtv.com\/index.php?rest_route=\/wp\/v2\/media\/38212"}],"wp:attachment":[{"href":"https:\/\/www.egemtv.com\/index.php?rest_route=%2Fwp%2Fv2%2Fmedia&parent=38211"}],"wp:term":[{"taxonomy":"category","embeddable":true,"href":"https:\/\/www.egemtv.com\/index.php?rest_route=%2Fwp%2Fv2%2Fcategories&post=38211"},{"taxonomy":"post_tag","embeddable":true,"href":"https:\/\/www.egemtv.com\/index.php?rest_route=%2Fwp%2Fv2%2Ftags&post=38211"}],"curies":[{"name":"wp","href":"https:\/\/api.w.org\/{rel}","templated":true}]}}