{"id":38208,"date":"2025-06-27T14:56:10","date_gmt":"2025-06-27T11:56:10","guid":{"rendered":"https:\/\/www.egemtv.com\/?p=38208"},"modified":"2025-06-27T14:56:15","modified_gmt":"2025-06-27T11:56:15","slug":"izmir-aliaga-yangini-kontrol-altinda-2","status":"publish","type":"post","link":"https:\/\/www.egemtv.com\/?p=38208","title":{"rendered":"\u0130zmir Alia\u011fa yang\u0131n\u0131 kontrol alt\u0131nda"},"content":{"rendered":"<p>\u0130zmir\u2019in Alia\u011fa il\u00e7esinde bu sabah saatlerinde \u00e7\u0131kan orman yang\u0131n\u0131 kontrol alt\u0131na al\u0131nd\u0131. B\u00f6lgede so\u011futma \u00e7al\u0131\u015fmalar\u0131 s\u00fcr\u00fcyor.<br \/>\n<br \/>Edinilen bilgilere g\u00f6re, yang\u0131n saat 10.15\u2019te hen\u00fcz belirlenemeyen bir nedenle ba\u015flad\u0131. Yang\u0131na \u0130zmir Orman B\u00f6lge M\u00fcd\u00fcrl\u00fc\u011f\u00fc ekipleri, havadan ve karadan 6 yang\u0131n s\u00f6nd\u00fcrme u\u00e7a\u011f\u0131, 5 helikopter 13 araz\u00f6z, 6 su ikmal arac\u0131 ve 3 dozer ile m\u00fcdahale etti. Alevler, ekiplerin hummal\u0131 \u00e7al\u0131\u015fmas\u0131yla kontrol alt\u0131na al\u0131nd\u0131. B\u00f6lgede so\u011futma \u00e7al\u0131\u015fmalar\u0131 s\u00fcr\u00fcyor.<br \/><\/p>\n","protected":false},"excerpt":{"rendered":"<p>\u0130zmir\u2019in Alia\u011fa il\u00e7esinde bu sabah saatlerinde \u00e7\u0131kan orman yang\u0131n\u0131 kontrol alt\u0131na al\u0131nd\u0131. B\u00f6lgede so\u011futma \u00e7al\u0131\u015fmalar\u0131 s\u00fcr\u00fcyor. Edinilen bilgilere g\u00f6re, yang\u0131n saat 10.15\u2019te hen\u00fcz belirlenemeyen bir nedenle ba\u015flad\u0131. Yang\u0131na \u0130zmir Orman B\u00f6lge M\u00fcd\u00fcrl\u00fc\u011f\u00fc ekipleri, havadan ve karadan 6 yang\u0131n s\u00f6nd\u00fcrme u\u00e7a\u011f\u0131, 5 helikopter 13 araz\u00f6z, 6 su ikmal arac\u0131 ve 3 dozer ile m\u00fcdahale etti. Alevler,&#8230;<\/p>\n","protected":false},"author":1,"featured_media":38209,"comment_status":"open","ping_status":"open","sticky":false,"template":"","format":"standard","meta":{"_crdt_document":"","footnotes":""},"categories":[5],"tags":[],"class_list":["post-38208","post","type-post","status-publish","format-standard","has-post-thumbnail","hentry","category-asayis"],"_links":{"self":[{"href":"https:\/\/www.egemtv.com\/index.php?rest_route=\/wp\/v2\/posts\/38208","targetHints":{"allow":["GET"]}}],"collection":[{"href":"https:\/\/www.egemtv.com\/index.php?rest_route=\/wp\/v2\/posts"}],"about":[{"href":"https:\/\/www.egemtv.com\/index.php?rest_route=\/wp\/v2\/types\/post"}],"author":[{"embeddable":true,"href":"https:\/\/www.egemtv.com\/index.php?rest_route=\/wp\/v2\/users\/1"}],"replies":[{"embeddable":true,"href":"https:\/\/www.egemtv.com\/index.php?rest_route=%2Fwp%2Fv2%2Fcomments&post=38208"}],"version-history":[{"count":1,"href":"https:\/\/www.egemtv.com\/index.php?rest_route=\/wp\/v2\/posts\/38208\/revisions"}],"predecessor-version":[{"id":38210,"href":"https:\/\/www.egemtv.com\/index.php?rest_route=\/wp\/v2\/posts\/38208\/revisions\/38210"}],"wp:featuredmedia":[{"embeddable":true,"href":"https:\/\/www.egemtv.com\/index.php?rest_route=\/wp\/v2\/media\/38209"}],"wp:attachment":[{"href":"https:\/\/www.egemtv.com\/index.php?rest_route=%2Fwp%2Fv2%2Fmedia&parent=38208"}],"wp:term":[{"taxonomy":"category","embeddable":true,"href":"https:\/\/www.egemtv.com\/index.php?rest_route=%2Fwp%2Fv2%2Fcategories&post=38208"},{"taxonomy":"post_tag","embeddable":true,"href":"https:\/\/www.egemtv.com\/index.php?rest_route=%2Fwp%2Fv2%2Ftags&post=38208"}],"curies":[{"name":"wp","href":"https:\/\/api.w.org\/{rel}","templated":true}]}}