{"id":38205,"date":"2025-06-27T14:56:05","date_gmt":"2025-06-27T11:56:05","guid":{"rendered":"https:\/\/www.egemtv.com\/?p=38205"},"modified":"2025-06-27T14:56:10","modified_gmt":"2025-06-27T11:56:10","slug":"merkezefendi-belediyesi-arama-kurtarma-ekibi-afetlere-karsi-hazir","status":"publish","type":"post","link":"https:\/\/www.egemtv.com\/?p=38205","title":{"rendered":"Merkezefendi Belediyesi Arama Kurtarma Ekibi afetlere kar\u015f\u0131 haz\u0131r"},"content":{"rendered":"<p>Merkezefendi Belediyesi\u2019nin kurdu\u011fu Arama Kurtarma Ekibi MAKUT, afetlere kar\u015f\u0131 haz\u0131rl\u0131klar\u0131n\u0131 s\u00fcrd\u00fcr\u00fcyor. AFAD i\u015f birli\u011fiyle verilen teorik ve uygulamal\u0131 e\u011fitimlerle ekip, afet durumlar\u0131nda h\u0131zl\u0131 ve etkin m\u00fcdahale i\u00e7in kendini geli\u015ftiriyor.<\/p>\n<p>Merkezefendi Belediyesi, vatanda\u015flar\u0131n can g\u00fcvenli\u011fini \u00f6nceleyen \u00e7al\u0131\u015fmalar\u0131na aral\u0131ks\u0131z devam ediyor. Belediye b\u00fcnyesinde kurulan Merkezefendi Arama Kurtarma Timi (MAKUT), d\u00fczenli olarak e\u011fitimler alarak afetlere kar\u015f\u0131 her zaman g\u00f6reve haz\u0131r durumda tutuluyor. Son olarak, Afet ve Acil Durum Y\u00f6netimi Ba\u015fkanl\u0131\u011f\u0131 (AFAD) Denizli \u0130l M\u00fcd\u00fcrl\u00fc\u011f\u00fc taraf\u0131ndan MAKUT ekibine y\u00f6nelik kapsaml\u0131 bir e\u011fitim program\u0131 d\u00fczenlendi. E\u011fitimlerde arama kurtarma alan\u0131nda kritik \u00f6neme sahip, teorik bilgilendirmenin yan\u0131 s\u0131ra saha uygulamalar\u0131yla da yetkinlik kazand\u0131r\u0131ld\u0131. \u00c7ad\u0131r kurma, arama kurtarma malzemelerinin do\u011fru ve etkin kullan\u0131m\u0131, enkazda arama teknikleri gibi konularda pratik e\u011fitimler ger\u00e7ekle\u015ftirildi.<\/p>\n<p>&#8220;Haz\u0131rl\u0131kl\u0131 olmak hayat kurtar\u0131r&#8221;<br \/>\n<br \/>Merkezefendi Belediye Ba\u015fkan\u0131 \u015eeniz Do\u011fan, afetlere kar\u015f\u0131 haz\u0131rl\u0131kl\u0131 olman\u0131n ve do\u011fru m\u00fcdahale kabiliyetinin hayati \u00f6nem ta\u015f\u0131d\u0131\u011f\u0131n\u0131 vurgulad\u0131. Ba\u015fkan Do\u011fan, &#8220;Merkezefendi\u2019mizin g\u00fcvenli\u011fi bizim i\u00e7in her \u015feyden \u00f6nce geliyor. Belediyemizin kurdu\u011fu Arama Kurtarma Ekibimiz MAKUT, e\u011fitimlerine ara vermeden devam ediyor. AFAD i\u015f birli\u011fiyle ger\u00e7ekle\u015ftirdi\u011fimiz bu \u00e7al\u0131\u015fmalarla, bilin\u00e7li ve donan\u0131ml\u0131 bir ekip olu\u015fturduk. Bir afet durumunda, h\u0131zl\u0131 ve etkili bir \u015fekilde sahada olaca\u011f\u0131z. Haz\u0131rl\u0131kl\u0131 olmak, hayat kurtar\u0131r&#8221; dedi.<\/p>\n<p>Ger\u00e7ekle\u015ftirilen e\u011fitimlerle birlikte MAKUT, Merkezefendi\u2019de muhtemel do\u011fal afetler ve acil durumlara kar\u015f\u0131 daha donan\u0131ml\u0131 hale geldi.<br \/><\/p>\n","protected":false},"excerpt":{"rendered":"<p>Merkezefendi Belediyesi\u2019nin kurdu\u011fu Arama Kurtarma Ekibi MAKUT, afetlere kar\u015f\u0131 haz\u0131rl\u0131klar\u0131n\u0131 s\u00fcrd\u00fcr\u00fcyor. AFAD i\u015f birli\u011fiyle verilen teorik ve uygulamal\u0131 e\u011fitimlerle ekip, afet durumlar\u0131nda h\u0131zl\u0131 ve etkin m\u00fcdahale i\u00e7in kendini geli\u015ftiriyor. Merkezefendi Belediyesi, vatanda\u015flar\u0131n can g\u00fcvenli\u011fini \u00f6nceleyen \u00e7al\u0131\u015fmalar\u0131na aral\u0131ks\u0131z devam ediyor. Belediye b\u00fcnyesinde kurulan Merkezefendi Arama Kurtarma Timi (MAKUT), d\u00fczenli olarak e\u011fitimler alarak afetlere kar\u015f\u0131 her zaman&#8230;<\/p>\n","protected":false},"author":1,"featured_media":38206,"comment_status":"open","ping_status":"open","sticky":false,"template":"","format":"standard","meta":{"_crdt_document":"","footnotes":""},"categories":[1],"tags":[],"class_list":["post-38205","post","type-post","status-publish","format-standard","has-post-thumbnail","hentry","category-guncel"],"_links":{"self":[{"href":"https:\/\/www.egemtv.com\/index.php?rest_route=\/wp\/v2\/posts\/38205","targetHints":{"allow":["GET"]}}],"collection":[{"href":"https:\/\/www.egemtv.com\/index.php?rest_route=\/wp\/v2\/posts"}],"about":[{"href":"https:\/\/www.egemtv.com\/index.php?rest_route=\/wp\/v2\/types\/post"}],"author":[{"embeddable":true,"href":"https:\/\/www.egemtv.com\/index.php?rest_route=\/wp\/v2\/users\/1"}],"replies":[{"embeddable":true,"href":"https:\/\/www.egemtv.com\/index.php?rest_route=%2Fwp%2Fv2%2Fcomments&post=38205"}],"version-history":[{"count":1,"href":"https:\/\/www.egemtv.com\/index.php?rest_route=\/wp\/v2\/posts\/38205\/revisions"}],"predecessor-version":[{"id":38207,"href":"https:\/\/www.egemtv.com\/index.php?rest_route=\/wp\/v2\/posts\/38205\/revisions\/38207"}],"wp:featuredmedia":[{"embeddable":true,"href":"https:\/\/www.egemtv.com\/index.php?rest_route=\/wp\/v2\/media\/38206"}],"wp:attachment":[{"href":"https:\/\/www.egemtv.com\/index.php?rest_route=%2Fwp%2Fv2%2Fmedia&parent=38205"}],"wp:term":[{"taxonomy":"category","embeddable":true,"href":"https:\/\/www.egemtv.com\/index.php?rest_route=%2Fwp%2Fv2%2Fcategories&post=38205"},{"taxonomy":"post_tag","embeddable":true,"href":"https:\/\/www.egemtv.com\/index.php?rest_route=%2Fwp%2Fv2%2Ftags&post=38205"}],"curies":[{"name":"wp","href":"https:\/\/api.w.org\/{rel}","templated":true}]}}