{"id":38199,"date":"2025-06-27T14:16:41","date_gmt":"2025-06-27T11:16:41","guid":{"rendered":"https:\/\/www.egemtv.com\/?p=38199"},"modified":"2025-06-27T14:16:46","modified_gmt":"2025-06-27T11:16:46","slug":"farkli-bolgelere-atanan-hakim-ve-savcilar-icin-veda-yemegi-verildi","status":"publish","type":"post","link":"https:\/\/www.egemtv.com\/?p=38199","title":{"rendered":"Farkl\u0131 b\u00f6lgelere atanan hakim ve savc\u0131lar i\u00e7in veda yeme\u011fi verildi"},"content":{"rendered":"<p>Afyonkarahisar\u2019\u0131n Emirda\u011f il\u00e7esinde farkl\u0131 b\u00f6lgelere atanan hakim ve savc\u0131lar i\u00e7in veda yeme\u011fi verildi.<br \/>\n<br \/>Veda yeme\u011fine Emirda\u011f Kaymakam\u0131 Yasin Akg\u00fcl ile protokol \u00fcyeleri de kat\u0131ld\u0131. Ger\u00e7ekle\u015ftirilen etkinlikte bir konu\u015fma yapan Kaymakam Akg\u00fcl, &#8220;Yaz kararnamesiyle g\u00f6rev yerleri de\u011fi\u015fen Emirda\u011f Adliye\u2019sinde g\u00f6revli hakimler, Cumhuriyet Savc\u0131s\u0131 ve icra m\u00fcd\u00fcrlerinin yeni g\u00f6rev yerlerinin kendilerine ve ailelerine hay\u0131rlar getirmesini temenni ediyor, ba\u015far\u0131 dolu bir hizmet hayat\u0131 diliyorum&#8221; dedi.<br \/>\n<br \/>Ger\u00e7ekle\u015ftirilen program g\u00fcn\u00fcn an\u0131s\u0131na \u00e7ekilen hat\u0131ra foto\u011fraf\u0131 ile sona erdi.<br \/><\/p>\n","protected":false},"excerpt":{"rendered":"<p>Afyonkarahisar\u2019\u0131n Emirda\u011f il\u00e7esinde farkl\u0131 b\u00f6lgelere atanan hakim ve savc\u0131lar i\u00e7in veda yeme\u011fi verildi. Veda yeme\u011fine Emirda\u011f Kaymakam\u0131 Yasin Akg\u00fcl ile protokol \u00fcyeleri de kat\u0131ld\u0131. Ger\u00e7ekle\u015ftirilen etkinlikte bir konu\u015fma yapan Kaymakam Akg\u00fcl, &#8220;Yaz kararnamesiyle g\u00f6rev yerleri de\u011fi\u015fen Emirda\u011f Adliye\u2019sinde g\u00f6revli hakimler, Cumhuriyet Savc\u0131s\u0131 ve icra m\u00fcd\u00fcrlerinin yeni g\u00f6rev yerlerinin kendilerine ve ailelerine hay\u0131rlar getirmesini temenni ediyor,&#8230;<\/p>\n","protected":false},"author":1,"featured_media":38200,"comment_status":"open","ping_status":"open","sticky":false,"template":"","format":"standard","meta":{"_crdt_document":"","footnotes":""},"categories":[1],"tags":[],"class_list":["post-38199","post","type-post","status-publish","format-standard","has-post-thumbnail","hentry","category-guncel"],"_links":{"self":[{"href":"https:\/\/www.egemtv.com\/index.php?rest_route=\/wp\/v2\/posts\/38199","targetHints":{"allow":["GET"]}}],"collection":[{"href":"https:\/\/www.egemtv.com\/index.php?rest_route=\/wp\/v2\/posts"}],"about":[{"href":"https:\/\/www.egemtv.com\/index.php?rest_route=\/wp\/v2\/types\/post"}],"author":[{"embeddable":true,"href":"https:\/\/www.egemtv.com\/index.php?rest_route=\/wp\/v2\/users\/1"}],"replies":[{"embeddable":true,"href":"https:\/\/www.egemtv.com\/index.php?rest_route=%2Fwp%2Fv2%2Fcomments&post=38199"}],"version-history":[{"count":1,"href":"https:\/\/www.egemtv.com\/index.php?rest_route=\/wp\/v2\/posts\/38199\/revisions"}],"predecessor-version":[{"id":38201,"href":"https:\/\/www.egemtv.com\/index.php?rest_route=\/wp\/v2\/posts\/38199\/revisions\/38201"}],"wp:featuredmedia":[{"embeddable":true,"href":"https:\/\/www.egemtv.com\/index.php?rest_route=\/wp\/v2\/media\/38200"}],"wp:attachment":[{"href":"https:\/\/www.egemtv.com\/index.php?rest_route=%2Fwp%2Fv2%2Fmedia&parent=38199"}],"wp:term":[{"taxonomy":"category","embeddable":true,"href":"https:\/\/www.egemtv.com\/index.php?rest_route=%2Fwp%2Fv2%2Fcategories&post=38199"},{"taxonomy":"post_tag","embeddable":true,"href":"https:\/\/www.egemtv.com\/index.php?rest_route=%2Fwp%2Fv2%2Ftags&post=38199"}],"curies":[{"name":"wp","href":"https:\/\/api.w.org\/{rel}","templated":true}]}}