{"id":38196,"date":"2025-06-27T14:16:38","date_gmt":"2025-06-27T11:16:38","guid":{"rendered":"https:\/\/www.egemtv.com\/?p=38196"},"modified":"2025-06-27T14:16:41","modified_gmt":"2025-06-27T11:16:41","slug":"meteorolojiden-aydina-firtina-uyarisi","status":"publish","type":"post","link":"https:\/\/www.egemtv.com\/?p=38196","title":{"rendered":"Meteoroloji\u2019den Ayd\u0131n\u2019a f\u0131rt\u0131na uyar\u0131s\u0131"},"content":{"rendered":"<p>Ayd\u0131n il genelinde 28 Haziran Cumartesi g\u00fcn\u00fc sabah saatlerinden itibaren kuzey y\u00f6nlerden kuvvetli r\u00fczgar ve f\u0131rt\u0131na beklendi\u011finden meteoroloji uyar\u0131larda bulundu.<\/p>\n<p>Meteoroloji 2. B\u00f6lge M\u00fcd\u00fcrl\u00fc\u011f\u00fc B\u00f6lge Tahmin ve Erken Uyar\u0131 Merkezi\u2019nden yap\u0131lan a\u00e7\u0131klamada, &#8220;Yap\u0131lan son de\u011ferlendirmelere g\u00f6re; 28.06.2025 Cumartesi g\u00fcn\u00fc sabah saatlerinden itibaren Ayd\u0131n  il genelinde kuzey y\u00f6nlerden kuvvetli r\u00fczgar ve f\u0131rt\u0131na (40-60 km\/saat, yer yer 70 km\/saat) beklendi\u011finden ula\u015f\u0131mda aksamalar, \u00e7at\u0131 u\u00e7mas\u0131, a\u011fa\u00e7 ve direklerim devrilmesi gibi olumsuzluklara kar\u015f\u0131 dikkatli ve tedbirli olunmal\u0131d\u0131r&#8221; ifadelerine yer verildi.<br \/><\/p>\n","protected":false},"excerpt":{"rendered":"<p>Ayd\u0131n il genelinde 28 Haziran Cumartesi g\u00fcn\u00fc sabah saatlerinden itibaren kuzey y\u00f6nlerden kuvvetli r\u00fczgar ve f\u0131rt\u0131na beklendi\u011finden meteoroloji uyar\u0131larda bulundu. Meteoroloji 2. B\u00f6lge M\u00fcd\u00fcrl\u00fc\u011f\u00fc B\u00f6lge Tahmin ve Erken Uyar\u0131 Merkezi\u2019nden yap\u0131lan a\u00e7\u0131klamada, &#8220;Yap\u0131lan son de\u011ferlendirmelere g\u00f6re; 28.06.2025 Cumartesi g\u00fcn\u00fc sabah saatlerinden itibaren Ayd\u0131n il genelinde kuzey y\u00f6nlerden kuvvetli r\u00fczgar ve f\u0131rt\u0131na (40-60 km\/saat, yer yer&#8230;<\/p>\n","protected":false},"author":1,"featured_media":38197,"comment_status":"open","ping_status":"open","sticky":false,"template":"","format":"standard","meta":{"_crdt_document":"","footnotes":""},"categories":[1],"tags":[],"class_list":["post-38196","post","type-post","status-publish","format-standard","has-post-thumbnail","hentry","category-guncel"],"_links":{"self":[{"href":"https:\/\/www.egemtv.com\/index.php?rest_route=\/wp\/v2\/posts\/38196","targetHints":{"allow":["GET"]}}],"collection":[{"href":"https:\/\/www.egemtv.com\/index.php?rest_route=\/wp\/v2\/posts"}],"about":[{"href":"https:\/\/www.egemtv.com\/index.php?rest_route=\/wp\/v2\/types\/post"}],"author":[{"embeddable":true,"href":"https:\/\/www.egemtv.com\/index.php?rest_route=\/wp\/v2\/users\/1"}],"replies":[{"embeddable":true,"href":"https:\/\/www.egemtv.com\/index.php?rest_route=%2Fwp%2Fv2%2Fcomments&post=38196"}],"version-history":[{"count":1,"href":"https:\/\/www.egemtv.com\/index.php?rest_route=\/wp\/v2\/posts\/38196\/revisions"}],"predecessor-version":[{"id":38198,"href":"https:\/\/www.egemtv.com\/index.php?rest_route=\/wp\/v2\/posts\/38196\/revisions\/38198"}],"wp:featuredmedia":[{"embeddable":true,"href":"https:\/\/www.egemtv.com\/index.php?rest_route=\/wp\/v2\/media\/38197"}],"wp:attachment":[{"href":"https:\/\/www.egemtv.com\/index.php?rest_route=%2Fwp%2Fv2%2Fmedia&parent=38196"}],"wp:term":[{"taxonomy":"category","embeddable":true,"href":"https:\/\/www.egemtv.com\/index.php?rest_route=%2Fwp%2Fv2%2Fcategories&post=38196"},{"taxonomy":"post_tag","embeddable":true,"href":"https:\/\/www.egemtv.com\/index.php?rest_route=%2Fwp%2Fv2%2Ftags&post=38196"}],"curies":[{"name":"wp","href":"https:\/\/api.w.org\/{rel}","templated":true}]}}