{"id":38193,"date":"2025-06-27T14:16:34","date_gmt":"2025-06-27T11:16:34","guid":{"rendered":"https:\/\/www.egemtv.com\/?p=38193"},"modified":"2025-06-27T14:16:38","modified_gmt":"2025-06-27T11:16:38","slug":"mugla-egitim-ve-arastirma-hastanesi-yeni-bir-uzman-hekime-daha-kavustu","status":"publish","type":"post","link":"https:\/\/www.egemtv.com\/?p=38193","title":{"rendered":"Mu\u011fla E\u011fitim ve Ara\u015ft\u0131rma Hastanesi, yeni bir uzman hekime daha kavu\u015ftu"},"content":{"rendered":"<p>Mu\u011fla E\u011fitim ve Ara\u015ft\u0131rma Hastanesi Ruh Sa\u011fl\u0131\u011f\u0131 ve Hastal\u0131klar\u0131 Anabilim Dal\u0131\u2019nda uzmanl\u0131k e\u011fitimini tamamlayan Ara\u015ft\u0131rma G\u00f6revlisi Dr. Ferhat Eser, girmi\u015f oldu\u011fu uzmanl\u0131k s\u0131nav\u0131n\u0131 ba\u015far\u0131yla ge\u00e7erek klini\u011fin 14. uzman\u0131 olmaya hak kazand\u0131.<\/p>\n<p>Uzmanl\u0131k s\u0131nav\u0131, Prof. Dr. Osman Virit ba\u015fkanl\u0131\u011f\u0131nda ger\u00e7ekle\u015ftirildi. J\u00fcri \u00fcyeleri aras\u0131nda \u00c7ocuk ve Ergen Ruh Sa\u011fl\u0131\u011f\u0131 ve Hastal\u0131klar\u0131 Anabilim Dal\u0131 Ba\u015fkan\u0131 Prof. Dr. Nilfer \u015eahin, Ruh Sa\u011fl\u0131\u011f\u0131 ve Hastal\u0131klar\u0131 Anabilim Dal\u0131\u2019ndan Dr. \u00d6\u011fr. \u00dcyesi Meltem Derya \u015eahin ve Dr. \u00d6\u011fr. \u00dcyesi Mahmut Sel\u00e7uk ile N\u00f6roloji Anabilim Dal\u0131\u2019ndan Dr. \u00d6\u011fr. \u00dcyesi Utku Cenikli yer ald\u0131.<\/p>\n<p>Tezinde psikiyatrik belirtiler ve ya\u015fam kalitesi ili\u015fkisini inceledi<br \/>\n<br \/>Dr. Ferhat Eser\u2019in tez dan\u0131\u015fmanl\u0131\u011f\u0131n\u0131 y\u00fcr\u00fcten Dr. \u00d6\u011fr. \u00dcyesi Meltem Derya \u015eahin, gen\u00e7 hekimin tez konusunun, &#8220;Anal Fist\u00fcl Tan\u0131l\u0131 Hastalarda Obsesif Kompulsif Belirtiler, Ya\u015fam Kalitesi ve Yeti Yitimi D\u00fczeyinin Kontrol Grubu ile Kar\u015f\u0131la\u015ft\u0131r\u0131lmas\u0131&#8221; oldu\u011funu belirtti.<\/p>\n<p>Eser, bu \u00e7al\u0131\u015fmas\u0131yla kronik fiziksel hastal\u0131klar\u0131n ruhsal etkilerini derinlemesine ele alarak psikiyatri alan\u0131nda de\u011ferli bir bilimsel katk\u0131 sundu.<\/p>\n<p>Kurumdan mezun olan 263. uzman hekim<br \/>\n<br \/>Uzmanl\u0131k s\u0131nav\u0131n\u0131 ba\u015far\u0131yla ge\u00e7en Dr. Ferhat Eser, Mu\u011fla E\u011fitim ve Ara\u015ft\u0131rma Hastanesi\u2019nden uzmanl\u0131\u011f\u0131n\u0131 alan 263. ara\u015ft\u0131rma g\u00f6revlisi hekim oldu.<br \/>\n<br \/>Hastane y\u00f6netimi taraf\u0131ndan yap\u0131lan a\u00e7\u0131klamada \u015fu ifadelere yer verildi: &#8220;Ruh Sa\u011fl\u0131\u011f\u0131 ve Hastal\u0131klar\u0131 (Psikiyatri) uzman\u0131 olmaya hak kazanan Dr. Ferhat Eser\u2019i Mu\u011fla E\u011fitim ve Ara\u015ft\u0131rma Hastanesi ailesi olarak g\u00f6n\u00fclden tebrik ediyor, bundan sonraki meslek hayat\u0131nda \u00fcst\u00fcn ba\u015far\u0131lar diliyoruz&#8221; ifadesi kullan\u0131ld\u0131.<br \/><\/p>\n","protected":false},"excerpt":{"rendered":"<p>Mu\u011fla E\u011fitim ve Ara\u015ft\u0131rma Hastanesi Ruh Sa\u011fl\u0131\u011f\u0131 ve Hastal\u0131klar\u0131 Anabilim Dal\u0131\u2019nda uzmanl\u0131k e\u011fitimini tamamlayan Ara\u015ft\u0131rma G\u00f6revlisi Dr. Ferhat Eser, girmi\u015f oldu\u011fu uzmanl\u0131k s\u0131nav\u0131n\u0131 ba\u015far\u0131yla ge\u00e7erek klini\u011fin 14. uzman\u0131 olmaya hak kazand\u0131. Uzmanl\u0131k s\u0131nav\u0131, Prof. Dr. Osman Virit ba\u015fkanl\u0131\u011f\u0131nda ger\u00e7ekle\u015ftirildi. J\u00fcri \u00fcyeleri aras\u0131nda \u00c7ocuk ve Ergen Ruh Sa\u011fl\u0131\u011f\u0131 ve Hastal\u0131klar\u0131 Anabilim Dal\u0131 Ba\u015fkan\u0131 Prof. Dr. Nilfer&#8230;<\/p>\n","protected":false},"author":1,"featured_media":38194,"comment_status":"open","ping_status":"open","sticky":false,"template":"","format":"standard","meta":{"_crdt_document":"","footnotes":""},"categories":[2],"tags":[],"class_list":["post-38193","post","type-post","status-publish","format-standard","has-post-thumbnail","hentry","category-saglik"],"_links":{"self":[{"href":"https:\/\/www.egemtv.com\/index.php?rest_route=\/wp\/v2\/posts\/38193","targetHints":{"allow":["GET"]}}],"collection":[{"href":"https:\/\/www.egemtv.com\/index.php?rest_route=\/wp\/v2\/posts"}],"about":[{"href":"https:\/\/www.egemtv.com\/index.php?rest_route=\/wp\/v2\/types\/post"}],"author":[{"embeddable":true,"href":"https:\/\/www.egemtv.com\/index.php?rest_route=\/wp\/v2\/users\/1"}],"replies":[{"embeddable":true,"href":"https:\/\/www.egemtv.com\/index.php?rest_route=%2Fwp%2Fv2%2Fcomments&post=38193"}],"version-history":[{"count":1,"href":"https:\/\/www.egemtv.com\/index.php?rest_route=\/wp\/v2\/posts\/38193\/revisions"}],"predecessor-version":[{"id":38195,"href":"https:\/\/www.egemtv.com\/index.php?rest_route=\/wp\/v2\/posts\/38193\/revisions\/38195"}],"wp:featuredmedia":[{"embeddable":true,"href":"https:\/\/www.egemtv.com\/index.php?rest_route=\/wp\/v2\/media\/38194"}],"wp:attachment":[{"href":"https:\/\/www.egemtv.com\/index.php?rest_route=%2Fwp%2Fv2%2Fmedia&parent=38193"}],"wp:term":[{"taxonomy":"category","embeddable":true,"href":"https:\/\/www.egemtv.com\/index.php?rest_route=%2Fwp%2Fv2%2Fcategories&post=38193"},{"taxonomy":"post_tag","embeddable":true,"href":"https:\/\/www.egemtv.com\/index.php?rest_route=%2Fwp%2Fv2%2Ftags&post=38193"}],"curies":[{"name":"wp","href":"https:\/\/api.w.org\/{rel}","templated":true}]}}