{"id":38190,"date":"2025-06-27T13:57:16","date_gmt":"2025-06-27T10:57:16","guid":{"rendered":"https:\/\/www.egemtv.com\/?p=38190"},"modified":"2025-06-27T13:57:20","modified_gmt":"2025-06-27T10:57:20","slug":"baskan-cercioglu-tum-aydinlilari-muharrem-ayi-iftarina-davet-etti","status":"publish","type":"post","link":"https:\/\/www.egemtv.com\/?p=38190","title":{"rendered":"Ba\u015fkan \u00c7er\u00e7io\u011flu t\u00fcm Ayd\u0131nl\u0131lar\u0131 Muharrem Ay\u0131 \u0130ftar\u0131na davet etti"},"content":{"rendered":"<p>Ayd\u0131n B\u00fcy\u00fck\u015fehir Belediyesi, her y\u0131l oldu\u011fu gibi bu y\u0131l da Muharrem ay\u0131 boyunca iftar programlar\u0131 d\u00fczenleyerek vatanda\u015flar\u0131 ayn\u0131 sofrada bulu\u015fturuyor.<\/p>\n<p>Muharrem ay\u0131n\u0131n ilk iftar program\u0131 Efeler il\u00e7esine ba\u011fl\u0131 Y\u0131lmazk\u00f6y Mahallesi\u2019nde d\u00fczenlendi. Bug\u00fcnk\u00fc iftar program\u0131 ise Bozdo\u011fan\u2019\u0131n Alamut Mahallesi ile Kuyucak il\u00e7esine ba\u011fl\u0131 Sar\u0131caova Mahallesi\u2019nde ger\u00e7ekle\u015ftirilecek. B\u00fcy\u00fck\u015fehir Belediyesi, Muharrem ay\u0131 boyunca kentin farkl\u0131 noktalar\u0131nda iftar sofralar\u0131 kurmaya devam edecek. T\u00fcm vatanda\u015flar\u0131 iftar sofralar\u0131na davet eden Ayd\u0131n B\u00fcy\u00fck\u015fehir Belediye Ba\u015fkan\u0131 \u00d6zlem \u00c7er\u00e7io\u011flu, &#8220;Muharrem ay\u0131n\u0131n \u00fclkemize bar\u0131\u015f, huzur, bereket ve sa\u011fl\u0131k getirmesini diliyorum. T\u00fcm canlar\u0131n tuttu\u011fu oru\u00e7lar kabul olsun&#8221; ifadelerini kulland\u0131.<br \/><\/p>\n","protected":false},"excerpt":{"rendered":"<p>Ayd\u0131n B\u00fcy\u00fck\u015fehir Belediyesi, her y\u0131l oldu\u011fu gibi bu y\u0131l da Muharrem ay\u0131 boyunca iftar programlar\u0131 d\u00fczenleyerek vatanda\u015flar\u0131 ayn\u0131 sofrada bulu\u015fturuyor. Muharrem ay\u0131n\u0131n ilk iftar program\u0131 Efeler il\u00e7esine ba\u011fl\u0131 Y\u0131lmazk\u00f6y Mahallesi\u2019nde d\u00fczenlendi. Bug\u00fcnk\u00fc iftar program\u0131 ise Bozdo\u011fan\u2019\u0131n Alamut Mahallesi ile Kuyucak il\u00e7esine ba\u011fl\u0131 Sar\u0131caova Mahallesi\u2019nde ger\u00e7ekle\u015ftirilecek. B\u00fcy\u00fck\u015fehir Belediyesi, Muharrem ay\u0131 boyunca kentin farkl\u0131 noktalar\u0131nda iftar sofralar\u0131&#8230;<\/p>\n","protected":false},"author":1,"featured_media":38191,"comment_status":"open","ping_status":"open","sticky":false,"template":"","format":"standard","meta":{"_crdt_document":"","footnotes":""},"categories":[1],"tags":[],"class_list":["post-38190","post","type-post","status-publish","format-standard","has-post-thumbnail","hentry","category-guncel"],"_links":{"self":[{"href":"https:\/\/www.egemtv.com\/index.php?rest_route=\/wp\/v2\/posts\/38190","targetHints":{"allow":["GET"]}}],"collection":[{"href":"https:\/\/www.egemtv.com\/index.php?rest_route=\/wp\/v2\/posts"}],"about":[{"href":"https:\/\/www.egemtv.com\/index.php?rest_route=\/wp\/v2\/types\/post"}],"author":[{"embeddable":true,"href":"https:\/\/www.egemtv.com\/index.php?rest_route=\/wp\/v2\/users\/1"}],"replies":[{"embeddable":true,"href":"https:\/\/www.egemtv.com\/index.php?rest_route=%2Fwp%2Fv2%2Fcomments&post=38190"}],"version-history":[{"count":1,"href":"https:\/\/www.egemtv.com\/index.php?rest_route=\/wp\/v2\/posts\/38190\/revisions"}],"predecessor-version":[{"id":38192,"href":"https:\/\/www.egemtv.com\/index.php?rest_route=\/wp\/v2\/posts\/38190\/revisions\/38192"}],"wp:featuredmedia":[{"embeddable":true,"href":"https:\/\/www.egemtv.com\/index.php?rest_route=\/wp\/v2\/media\/38191"}],"wp:attachment":[{"href":"https:\/\/www.egemtv.com\/index.php?rest_route=%2Fwp%2Fv2%2Fmedia&parent=38190"}],"wp:term":[{"taxonomy":"category","embeddable":true,"href":"https:\/\/www.egemtv.com\/index.php?rest_route=%2Fwp%2Fv2%2Fcategories&post=38190"},{"taxonomy":"post_tag","embeddable":true,"href":"https:\/\/www.egemtv.com\/index.php?rest_route=%2Fwp%2Fv2%2Ftags&post=38190"}],"curies":[{"name":"wp","href":"https:\/\/api.w.org\/{rel}","templated":true}]}}