{"id":38187,"date":"2025-06-27T13:35:23","date_gmt":"2025-06-27T10:35:23","guid":{"rendered":"https:\/\/www.egemtv.com\/?p=38187"},"modified":"2025-06-27T13:35:27","modified_gmt":"2025-06-27T10:35:27","slug":"dpu-tavsanli-kampusunde-272-ogrencinin-mezuniyet-coskusu","status":"publish","type":"post","link":"https:\/\/www.egemtv.com\/?p=38187","title":{"rendered":"DP\u00dc Tav\u015fanl\u0131 Kamp\u00fcs\u00fc\u2019nde 272 \u00f6\u011frencinin mezuniyet co\u015fkusu"},"content":{"rendered":"<p>K\u00fctahya\u2019n\u0131n Tav\u015fanl\u0131 il\u00e7esi DP\u00dc Tav\u015fanl\u0131 Uygulamal\u0131 Bilimler Fak\u00fcltesi ve Meslek Y\u00fcksek Okulu ortakla\u015fa mezuniyet t\u00f6reni d\u00fczenledi.<br \/>\n<br \/>Dumlup\u0131nar \u00dcniversitesi Tav\u015fanl\u0131 Meslek Y\u00fcksek Okulu bah\u00e7esinde d\u00fczenlenen t\u00f6rende 272 \u00f6\u011frenci aileleri ile mezuniyet co\u015fkusu ya\u015fad\u0131.<br \/>\n<br \/>Ortakla\u015fa haz\u0131rlanan t\u00f6rende 4 ve 2 y\u0131ll\u0131k b\u00f6l\u00fcmlerden mezun olan \u00f6\u011frenciler sevin\u00e7lerini aileleriyle payla\u015ft\u0131.<br \/>\n<br \/>272 \u00f6\u011frencinin mezun oldu\u011fu DP\u00dc Tav\u015fanl\u0131 Kamp\u00fcs\u00fc\u2019nde konu\u015fan Rekt\u00f6r Prof. Dr. S\u00fcleyman K\u0131z\u0131ltoprak, yapt\u0131\u011f\u0131 konu\u015fmada gen\u00e7lere olan inanc\u0131n\u0131n tam oldu\u011funu belirtti.<br \/>\n<br \/>Tav\u015fanl\u0131\u2019da ger\u00e7ekle\u015ftirilen mezuniyet t\u00f6reninde konu\u015fma yapan DP\u00dc Rekt\u00f6r\u00fc Prof. Dr. S\u00fcleyman K\u0131z\u0131ltoprak, 272 mezun \u00f6\u011frenciyle birlikte t\u00f6rene kat\u0131lan ailelerine seslendi. \u00d6\u011frencilere hayat yolculu\u011funda \u0131\u015f\u0131k tutabilecek \u00f6nemli mesajlar veren Prof. Dr. K\u0131z\u0131ltoprak, haz\u0131rlad\u0131klar\u0131 diploman\u0131n bir ka\u011f\u0131t par\u00e7as\u0131 olmad\u0131\u011f\u0131n\u0131, \u00fclkenin geli\u015fimi i\u00e7in gen\u00e7lere sorumluluk y\u00fckledi\u011fini belirtti.<br \/>\n<br \/>Prof. Dr. S\u00fcleyman K\u0131z\u0131ltoprak, &#8220;Gece yar\u0131lar\u0131na kadar ders \u00e7al\u0131\u015farak, gece 3\u2019te bir kahve daha i\u00e7sem s\u0131nava daha iyi haz\u0131rlanabilir miyim diye bug\u00fcnlere geldiniz. Hepiniz kendi ya\u015fam yolunuzda, ba\u015far\u0131 \u00e7izginizde \u00f6nemli bir ad\u0131m att\u0131n\u0131z. Art\u0131k birer mezunsunuz. Sizleri can\u0131 g\u00f6n\u00fclden kutluyorum. Dumlup\u0131nar \u00dcniversitesi diplomas\u0131n\u0131 ta\u015f\u0131yan mezunlars\u0131n\u0131z. Dumlup\u0131nar T\u00fcrkiye Cumhuriyeti\u2019nin kurulu\u015funa \u00f6nc\u00fcl\u00fck eden o\u2019 b\u00fcy\u00fck zaferin ya\u015fand\u0131\u011f\u0131 topraklar. Zaferin ad\u0131n\u0131 ta\u015f\u0131yan bir diploman\u0131z var. Dumlup\u0131nar zafer ruhu her zaman hayat\u0131n\u0131z boyunca sizleri ku\u015fats\u0131n. Bu \u00fcniversitenin diplomas\u0131 sadece bir belge de\u011fil ayn\u0131 zamanda tarihimizin bize y\u00fckledi\u011fi b\u00fcy\u00fck bir sorumluluk. B\u00fcy\u00fck bir mirast\u0131r. Bu sorumlulu\u011fu ta\u015f\u0131mak, fark\u0131nda olmak, \u00fclkenin, bu aziz milletin yar\u0131nlar\u0131na katk\u0131da bulunmak demektir&#8221; ifadelerini kulland\u0131.DP\u00dc Rekt\u00f6r\u00fc Prof. Dr. S\u00fcleyman K\u0131z\u0131ltoprak, t\u00fcm \u00f6\u011frencileriyle gurur duydu\u011funu s\u00f6yleyerek, akademisyen kadrosu olarak dua ve iyi temennilerin gen\u00e7ler \u00fczerinde oldu\u011funu kaydetti. Prof. Dr. K\u0131z\u0131ltoprak, &#8220;Sizlerin geli\u015fimi bizlere gurur vermektedir. En b\u00fcy\u00fck gururu ise burada bulunan ailelerimiz ya\u015famaktad\u0131r. Sevgili anne ve babalar. Unutmay\u0131n ki bu gurur size bir \u00f6m\u00fcr boyu yetecektir. \u00c7ocuklar\u0131n\u0131z \u00e7al\u0131\u015fkanl\u0131kla, vatana, millete sadakat ile hizmet edecektir. Sevgili \u00f6\u011frencilerimin bu borcu hakk\u0131yla yerine getirece\u011fine olan inanc\u0131m tamd\u0131r. B\u00fct\u00fcn temennimiz ve duam\u0131z sizlerle. Sizleri yeti\u015ftiren annelerinizi babalar\u0131n\u0131z\u0131 kutluyorum, sizlerin yeti\u015fmesinde katk\u0131s\u0131 olan \u00f6\u011fretmenlerinizi kutluyorum. Hepinizi ayakta alk\u0131\u015fl\u0131yorum&#8221; dedi.<br \/>\n<br \/>Ba\u015far\u0131l\u0131 \u00f6\u011frencilere belgeleri ve hediyeleri verilirken, DP\u00dc MYO \u00d6\u011fretim G\u00f6revlisi Nur Ho\u015fg\u00f6r\u2019\u00fcn yemin ettirmesiyle mezunlar kep atarak kutlama yapt\u0131. Kamp\u00fcs\u00fc dolduran misafirlere mezuniyet pilav\u0131 ikram edildi.<br \/><\/p>\n","protected":false},"excerpt":{"rendered":"<p>K\u00fctahya\u2019n\u0131n Tav\u015fanl\u0131 il\u00e7esi DP\u00dc Tav\u015fanl\u0131 Uygulamal\u0131 Bilimler Fak\u00fcltesi ve Meslek Y\u00fcksek Okulu ortakla\u015fa mezuniyet t\u00f6reni d\u00fczenledi. Dumlup\u0131nar \u00dcniversitesi Tav\u015fanl\u0131 Meslek Y\u00fcksek Okulu bah\u00e7esinde d\u00fczenlenen t\u00f6rende 272 \u00f6\u011frenci aileleri ile mezuniyet co\u015fkusu ya\u015fad\u0131. Ortakla\u015fa haz\u0131rlanan t\u00f6rende 4 ve 2 y\u0131ll\u0131k b\u00f6l\u00fcmlerden mezun olan \u00f6\u011frenciler sevin\u00e7lerini aileleriyle payla\u015ft\u0131. 272 \u00f6\u011frencinin mezun oldu\u011fu DP\u00dc Tav\u015fanl\u0131 Kamp\u00fcs\u00fc\u2019nde konu\u015fan Rekt\u00f6r&#8230;<\/p>\n","protected":false},"author":1,"featured_media":38188,"comment_status":"open","ping_status":"open","sticky":false,"template":"","format":"standard","meta":{"_crdt_document":"","footnotes":""},"categories":[1],"tags":[],"class_list":["post-38187","post","type-post","status-publish","format-standard","has-post-thumbnail","hentry","category-guncel"],"_links":{"self":[{"href":"https:\/\/www.egemtv.com\/index.php?rest_route=\/wp\/v2\/posts\/38187","targetHints":{"allow":["GET"]}}],"collection":[{"href":"https:\/\/www.egemtv.com\/index.php?rest_route=\/wp\/v2\/posts"}],"about":[{"href":"https:\/\/www.egemtv.com\/index.php?rest_route=\/wp\/v2\/types\/post"}],"author":[{"embeddable":true,"href":"https:\/\/www.egemtv.com\/index.php?rest_route=\/wp\/v2\/users\/1"}],"replies":[{"embeddable":true,"href":"https:\/\/www.egemtv.com\/index.php?rest_route=%2Fwp%2Fv2%2Fcomments&post=38187"}],"version-history":[{"count":1,"href":"https:\/\/www.egemtv.com\/index.php?rest_route=\/wp\/v2\/posts\/38187\/revisions"}],"predecessor-version":[{"id":38189,"href":"https:\/\/www.egemtv.com\/index.php?rest_route=\/wp\/v2\/posts\/38187\/revisions\/38189"}],"wp:featuredmedia":[{"embeddable":true,"href":"https:\/\/www.egemtv.com\/index.php?rest_route=\/wp\/v2\/media\/38188"}],"wp:attachment":[{"href":"https:\/\/www.egemtv.com\/index.php?rest_route=%2Fwp%2Fv2%2Fmedia&parent=38187"}],"wp:term":[{"taxonomy":"category","embeddable":true,"href":"https:\/\/www.egemtv.com\/index.php?rest_route=%2Fwp%2Fv2%2Fcategories&post=38187"},{"taxonomy":"post_tag","embeddable":true,"href":"https:\/\/www.egemtv.com\/index.php?rest_route=%2Fwp%2Fv2%2Ftags&post=38187"}],"curies":[{"name":"wp","href":"https:\/\/api.w.org\/{rel}","templated":true}]}}