{"id":38184,"date":"2025-06-27T13:35:18","date_gmt":"2025-06-27T10:35:18","guid":{"rendered":"https:\/\/www.egemtv.com\/?p=38184"},"modified":"2025-06-27T13:35:23","modified_gmt":"2025-06-27T10:35:23","slug":"muglali-sporcular-u16-kadinlar-1-liginde-gurur-yasatti","status":"publish","type":"post","link":"https:\/\/www.egemtv.com\/?p=38184","title":{"rendered":"Mu\u011flal\u0131 sporcular U16 Kad\u0131nlar 1. Ligi\u2019nde gurur ya\u015fatt\u0131"},"content":{"rendered":"<p>Mu\u011fla\u2019n\u0131n kad\u0131n hokeydeki gururu Ege Y\u0131ld\u0131zlar\u0131 Spor Kul\u00fcb\u00fc, 22-26 Haziran 2025 tarihleri aras\u0131nda Osmaniye\u2019de d\u00fczenlenen U16 Kad\u0131nlar T\u00fcrkiye 1. Ligi kar\u015f\u0131la\u015fmalar\u0131nda b\u00fcy\u00fck bir ba\u015far\u0131ya imza atarak T\u00fcrkiye \u00fc\u00e7\u00fcnc\u00fcs\u00fc oldu.<br \/>\n<br \/>T\u00fcrkiye genelinden en ba\u015far\u0131l\u0131 gen\u00e7 tak\u0131mlar\u0131n yer ald\u0131\u011f\u0131 organizasyonda 6 ma\u00e7a \u00e7\u0131kan Mu\u011fla temsilcisi, 4 galibiyet ve 2 ma\u011flubiyet alarak averaj fark\u0131yla T\u00fcrkiye ikincili\u011fini k\u0131l pay\u0131 ka\u00e7\u0131rd\u0131 ve T\u00fcrkiye \u00fc\u00e7\u00fcnc\u00fcl\u00fc\u011f\u00fc derecesiyle Mu\u011fla\u2019ya d\u00f6nd\u00fc.<br \/>\n<br \/>13 ya\u015f ortalamas\u0131yla b\u00fcy\u00fck ba\u015far\u0131<br \/>\n<br \/>Organizasyon hakk\u0131nda a\u00e7\u0131klamalarda bulunan Ege Y\u0131ld\u0131zlar\u0131 Spor Kul\u00fcb\u00fc Bas\u0131n S\u00f6zc\u00fcs\u00fc Ramazan Sar\u0131yar, gen\u00e7 tak\u0131m\u0131n g\u00f6sterdi\u011fi performansa dikkat \u00e7ekti. Sar\u0131yar a\u00e7\u0131klamas\u0131nda &#8220;Bu y\u0131l ligde kalma hedefiyle \u00e7\u0131kt\u0131\u011f\u0131m\u0131z yolda, 13 ya\u015f ortalamas\u0131na sahip olan k\u00fc\u00e7\u00fck k\u0131z tak\u0131m\u0131m\u0131z b\u00fcy\u00fck bir s\u00fcrprize imza atarak T\u00fcrkiye \u00fc\u00e7\u00fcnc\u00fcs\u00fc oldu. Tak\u0131m\u0131m\u0131z\u0131n ortaya koydu\u011fu m\u00fccadele ve azim, gelece\u011fe dair umutlar\u0131m\u0131z\u0131 kat kat art\u0131rm\u0131\u015ft\u0131r. Bu jenerasyondan \u00e7ok umutluyuz.&#8221; dedi.<br \/>\n<br \/>&#8220;T\u00fcm kurum ve firmalardan destek bekliyoruz&#8221;<br \/>\n<br \/>Sar\u0131yar, a\u00e7\u0131klamas\u0131n\u0131n devam\u0131nda hem maddi hem manevi deste\u011fe ihtiya\u00e7 duyduklar\u0131n\u0131 kaydederek  &#8220;Bu b\u00fcy\u00fck ba\u015far\u0131da eme\u011fi ge\u00e7en t\u00fcm sporcular\u0131m\u0131z\u0131, antren\u00f6rlerimizi ve kul\u00fcp y\u00f6neticilerimizi tebrik ediyoruz. Ancak bu ba\u015far\u0131lar\u0131n s\u00fcrd\u00fcr\u00fclebilir olmas\u0131 i\u00e7in firmalar\u0131m\u0131zdan, yerel y\u00f6netimlerden ve kamu kurumlar\u0131ndan daha fazla destek bekliyoruz &#8220;dedi.<br \/><\/p>\n","protected":false},"excerpt":{"rendered":"<p>Mu\u011fla\u2019n\u0131n kad\u0131n hokeydeki gururu Ege Y\u0131ld\u0131zlar\u0131 Spor Kul\u00fcb\u00fc, 22-26 Haziran 2025 tarihleri aras\u0131nda Osmaniye\u2019de d\u00fczenlenen U16 Kad\u0131nlar T\u00fcrkiye 1. Ligi kar\u015f\u0131la\u015fmalar\u0131nda b\u00fcy\u00fck bir ba\u015far\u0131ya imza atarak T\u00fcrkiye \u00fc\u00e7\u00fcnc\u00fcs\u00fc oldu. T\u00fcrkiye genelinden en ba\u015far\u0131l\u0131 gen\u00e7 tak\u0131mlar\u0131n yer ald\u0131\u011f\u0131 organizasyonda 6 ma\u00e7a \u00e7\u0131kan Mu\u011fla temsilcisi, 4 galibiyet ve 2 ma\u011flubiyet alarak averaj fark\u0131yla T\u00fcrkiye ikincili\u011fini k\u0131l pay\u0131&#8230;<\/p>\n","protected":false},"author":1,"featured_media":38185,"comment_status":"open","ping_status":"open","sticky":false,"template":"","format":"standard","meta":{"_crdt_document":"","footnotes":""},"categories":[4],"tags":[],"class_list":["post-38184","post","type-post","status-publish","format-standard","has-post-thumbnail","hentry","category-spor"],"_links":{"self":[{"href":"https:\/\/www.egemtv.com\/index.php?rest_route=\/wp\/v2\/posts\/38184","targetHints":{"allow":["GET"]}}],"collection":[{"href":"https:\/\/www.egemtv.com\/index.php?rest_route=\/wp\/v2\/posts"}],"about":[{"href":"https:\/\/www.egemtv.com\/index.php?rest_route=\/wp\/v2\/types\/post"}],"author":[{"embeddable":true,"href":"https:\/\/www.egemtv.com\/index.php?rest_route=\/wp\/v2\/users\/1"}],"replies":[{"embeddable":true,"href":"https:\/\/www.egemtv.com\/index.php?rest_route=%2Fwp%2Fv2%2Fcomments&post=38184"}],"version-history":[{"count":1,"href":"https:\/\/www.egemtv.com\/index.php?rest_route=\/wp\/v2\/posts\/38184\/revisions"}],"predecessor-version":[{"id":38186,"href":"https:\/\/www.egemtv.com\/index.php?rest_route=\/wp\/v2\/posts\/38184\/revisions\/38186"}],"wp:featuredmedia":[{"embeddable":true,"href":"https:\/\/www.egemtv.com\/index.php?rest_route=\/wp\/v2\/media\/38185"}],"wp:attachment":[{"href":"https:\/\/www.egemtv.com\/index.php?rest_route=%2Fwp%2Fv2%2Fmedia&parent=38184"}],"wp:term":[{"taxonomy":"category","embeddable":true,"href":"https:\/\/www.egemtv.com\/index.php?rest_route=%2Fwp%2Fv2%2Fcategories&post=38184"},{"taxonomy":"post_tag","embeddable":true,"href":"https:\/\/www.egemtv.com\/index.php?rest_route=%2Fwp%2Fv2%2Ftags&post=38184"}],"curies":[{"name":"wp","href":"https:\/\/api.w.org\/{rel}","templated":true}]}}