{"id":38181,"date":"2025-06-27T13:16:56","date_gmt":"2025-06-27T10:16:56","guid":{"rendered":"https:\/\/www.egemtv.com\/?p=38181"},"modified":"2025-06-27T13:17:04","modified_gmt":"2025-06-27T10:17:04","slug":"kaymakam-dogru-kurum-binasi-insaatinda-incelemelerde-bulundu","status":"publish","type":"post","link":"https:\/\/www.egemtv.com\/?p=38181","title":{"rendered":"Kaymakam Do\u011fru, kurum binas\u0131 in\u015faat\u0131nda incelemelerde bulundu"},"content":{"rendered":"<p>Germencik Kaymakam\u0131 Sultan Do\u011fru in\u015faat\u0131 devam eden Germencik \u0130l\u00e7e Tar\u0131m ve Orman M\u00fcd\u00fcrl\u00fc\u011f\u00fc\u2019n\u00fcn yeni hizmet binas\u0131nda incelemelerde bulunarak, \u00e7al\u0131\u015fmalar hakk\u0131nda yetkililerden bilgi ald\u0131.<\/p>\n<p>Germencik\u2019te tar\u0131msal hizmetlerin daha modern ve verimli bir ortamda y\u00fcr\u00fct\u00fclmesinin ama\u00e7land\u0131\u011f\u0131 yeni \u0130l\u00e7e Tar\u0131m ve Orman M\u00fcd\u00fcrl\u00fc\u011f\u00fc binas\u0131n\u0131n in\u015faat \u00e7al\u0131\u015fmalar\u0131 s\u00fcr\u00fcyor. Bu kapsamda Kaymakam Sultan Do\u011fru devam eden \u00e7al\u0131\u015fmalar\u0131 yerinde inceleyerek, \u0130l\u00e7e Tar\u0131m M\u00fcd\u00fcr\u00fc \u0130lknur Kavas\u2019tan bilgi ald\u0131. Yeni binan\u0131n modern altyap\u0131s\u0131yla \u00fcreticilere daha iyi hizmet sunmay\u0131 hedefledi\u011fi belirtilirken Kaymakam Do\u011fru, bina tamamland\u0131\u011f\u0131nda hem personelin \u00e7al\u0131\u015fma \u015fartlar\u0131n\u0131n iyile\u015fece\u011fi hem de vatanda\u015flara y\u00f6nelik i\u015flemlerin daha h\u0131zl\u0131 ger\u00e7ekle\u015ftirilece\u011fi ifade etti.<br \/><\/p>\n","protected":false},"excerpt":{"rendered":"<p>Germencik Kaymakam\u0131 Sultan Do\u011fru in\u015faat\u0131 devam eden Germencik \u0130l\u00e7e Tar\u0131m ve Orman M\u00fcd\u00fcrl\u00fc\u011f\u00fc\u2019n\u00fcn yeni hizmet binas\u0131nda incelemelerde bulunarak, \u00e7al\u0131\u015fmalar hakk\u0131nda yetkililerden bilgi ald\u0131. Germencik\u2019te tar\u0131msal hizmetlerin daha modern ve verimli bir ortamda y\u00fcr\u00fct\u00fclmesinin ama\u00e7land\u0131\u011f\u0131 yeni \u0130l\u00e7e Tar\u0131m ve Orman M\u00fcd\u00fcrl\u00fc\u011f\u00fc binas\u0131n\u0131n in\u015faat \u00e7al\u0131\u015fmalar\u0131 s\u00fcr\u00fcyor. Bu kapsamda Kaymakam Sultan Do\u011fru devam eden \u00e7al\u0131\u015fmalar\u0131 yerinde inceleyerek, \u0130l\u00e7e&#8230;<\/p>\n","protected":false},"author":1,"featured_media":38182,"comment_status":"open","ping_status":"open","sticky":false,"template":"","format":"standard","meta":{"_crdt_document":"","footnotes":""},"categories":[1],"tags":[],"class_list":["post-38181","post","type-post","status-publish","format-standard","has-post-thumbnail","hentry","category-guncel"],"_links":{"self":[{"href":"https:\/\/www.egemtv.com\/index.php?rest_route=\/wp\/v2\/posts\/38181","targetHints":{"allow":["GET"]}}],"collection":[{"href":"https:\/\/www.egemtv.com\/index.php?rest_route=\/wp\/v2\/posts"}],"about":[{"href":"https:\/\/www.egemtv.com\/index.php?rest_route=\/wp\/v2\/types\/post"}],"author":[{"embeddable":true,"href":"https:\/\/www.egemtv.com\/index.php?rest_route=\/wp\/v2\/users\/1"}],"replies":[{"embeddable":true,"href":"https:\/\/www.egemtv.com\/index.php?rest_route=%2Fwp%2Fv2%2Fcomments&post=38181"}],"version-history":[{"count":1,"href":"https:\/\/www.egemtv.com\/index.php?rest_route=\/wp\/v2\/posts\/38181\/revisions"}],"predecessor-version":[{"id":38183,"href":"https:\/\/www.egemtv.com\/index.php?rest_route=\/wp\/v2\/posts\/38181\/revisions\/38183"}],"wp:featuredmedia":[{"embeddable":true,"href":"https:\/\/www.egemtv.com\/index.php?rest_route=\/wp\/v2\/media\/38182"}],"wp:attachment":[{"href":"https:\/\/www.egemtv.com\/index.php?rest_route=%2Fwp%2Fv2%2Fmedia&parent=38181"}],"wp:term":[{"taxonomy":"category","embeddable":true,"href":"https:\/\/www.egemtv.com\/index.php?rest_route=%2Fwp%2Fv2%2Fcategories&post=38181"},{"taxonomy":"post_tag","embeddable":true,"href":"https:\/\/www.egemtv.com\/index.php?rest_route=%2Fwp%2Fv2%2Ftags&post=38181"}],"curies":[{"name":"wp","href":"https:\/\/api.w.org\/{rel}","templated":true}]}}