{"id":38178,"date":"2025-06-27T13:16:52","date_gmt":"2025-06-27T10:16:52","guid":{"rendered":"https:\/\/www.egemtv.com\/?p=38178"},"modified":"2025-06-27T13:16:56","modified_gmt":"2025-06-27T10:16:56","slug":"muglada-gercegi-aratmayan-deprem-tatbikati","status":"publish","type":"post","link":"https:\/\/www.egemtv.com\/?p=38178","title":{"rendered":"Mu\u011fla\u2019da ger\u00e7e\u011fi aratmayan deprem tatbikat\u0131"},"content":{"rendered":"<p>Mu\u011fla il Sa\u011fl\u0131k M\u00fcd\u00fcrl\u00fc\u011f\u00fc ile Afet ve Acil Durum Y\u00f6netimi Ba\u015fkanl\u0131\u011f\u0131 (AFAD) koordinasyonunda, UMKE ekipleri, jandarma, K\u00f6pekli Arama Timleri ve STK\u2019lar\u0131n kat\u0131l\u0131m\u0131yla Mu\u011fla Y\u0131lanl\u0131 Mevkii\u2019nde geni\u015f kapsaml\u0131 bir deprem tatbikat\u0131 ger\u00e7ekle\u015ftirildi.<\/p>\n<p>Tatbikat senaryosuna g\u00f6re, G\u00f6kova K\u00f6rfezi a\u00e7\u0131klar\u0131nda 6.8 b\u00fcy\u00fckl\u00fc\u011f\u00fcnde bir deprem meydana geldi. Depremin ard\u0131ndan Mente\u015fe b\u00f6lgesinde 2 bina y\u0131k\u0131ld\u0131. \u0130lk belirlemelere g\u00f6re y\u0131k\u0131lan binalarda 10 ila 15 ki\u015fi oldu\u011fu varsay\u0131ld\u0131. Depremin ard\u0131ndan saat 09.02\u2019de ilk olarak AFAD ve UMKE ekipleri enkaz b\u00f6lgesine ula\u015ft\u0131. AFAD ekipleri olay yerinde g\u00fcvenlik \u00f6nlemlerini alarak yaral\u0131 say\u0131s\u0131 tespitine ba\u015flad\u0131. Bu s\u00fcre\u00e7te ilk ula\u015fan UMKE ekibi, b\u00f6lgede belirlenen g\u00fcvenli alana seyyar sahra hastanesini kurarak sa\u011fl\u0131k m\u00fcdahalesine haz\u0131r hale geldi. Ard\u0131ndan STK g\u00f6n\u00fcll\u00fcleri, UMKE destek ekipleri ve ambulanslar b\u00f6lgeye y\u00f6nlendirildi.<\/p>\n<p>UMKE ekipleri, AFAD taraf\u0131ndan g\u00fcvenli\u011fi sa\u011flanan enkaz alanlar\u0131nda arama kurtarma faaliyetlerine destek vererek, ula\u015f\u0131lan yaral\u0131lar\u0131 h\u0131zl\u0131ca seyyar hastaneye nakletti. Tatbikat kapsam\u0131nda toplam 11 yaral\u0131 senaryo gere\u011fi tespit edilerek sa\u011fl\u0131k birimlerine ula\u015ft\u0131r\u0131ld\u0131. Yaral\u0131lar\u0131n 4\u2019\u00fcne k\u0131rm\u0131z\u0131, 2\u2019sine sar\u0131, 5\u2019ine ise ye\u015fil kod verildi. \u0130lk m\u00fcdahalesi seyyar hastanede yap\u0131lan yaral\u0131lar, daha sonra Mente\u015fe Devlet Hastanesi ve Mu\u011fla E\u011fitim ve Ara\u015ft\u0131rma Hastanesi\u2019ne sevk edildi.<\/p>\n<p>Ger\u00e7ek\u00e7ilik \u00f6n planda tutuldu<br \/>\n<br \/>Tatbikatta kullan\u0131lan sahra hastanesi, enkaz sim\u00fclasyonlar\u0131, arama kurtarma k\u00f6pekleri ve canland\u0131r\u0131lan yaral\u0131lar ile ger\u00e7ek bir deprem senaryosunun t\u00fcm a\u015famalar\u0131 uygulamal\u0131 olarak sahaya yans\u0131t\u0131ld\u0131. Yetkililer, bu t\u00fcr tatbikatlar\u0131n afetlere kar\u015f\u0131 haz\u0131rl\u0131kl\u0131 olma noktas\u0131nda b\u00fcy\u00fck \u00f6nem ta\u015f\u0131d\u0131\u011f\u0131n\u0131 vurgulad\u0131.<br \/><\/p>\n","protected":false},"excerpt":{"rendered":"<p>Mu\u011fla il Sa\u011fl\u0131k M\u00fcd\u00fcrl\u00fc\u011f\u00fc ile Afet ve Acil Durum Y\u00f6netimi Ba\u015fkanl\u0131\u011f\u0131 (AFAD) koordinasyonunda, UMKE ekipleri, jandarma, K\u00f6pekli Arama Timleri ve STK\u2019lar\u0131n kat\u0131l\u0131m\u0131yla Mu\u011fla Y\u0131lanl\u0131 Mevkii\u2019nde geni\u015f kapsaml\u0131 bir deprem tatbikat\u0131 ger\u00e7ekle\u015ftirildi. Tatbikat senaryosuna g\u00f6re, G\u00f6kova K\u00f6rfezi a\u00e7\u0131klar\u0131nda 6.8 b\u00fcy\u00fckl\u00fc\u011f\u00fcnde bir deprem meydana geldi. Depremin ard\u0131ndan Mente\u015fe b\u00f6lgesinde 2 bina y\u0131k\u0131ld\u0131. \u0130lk belirlemelere g\u00f6re y\u0131k\u0131lan binalarda&#8230;<\/p>\n","protected":false},"author":1,"featured_media":38179,"comment_status":"open","ping_status":"open","sticky":false,"template":"","format":"standard","meta":{"_crdt_document":"","footnotes":""},"categories":[1],"tags":[],"class_list":["post-38178","post","type-post","status-publish","format-standard","has-post-thumbnail","hentry","category-guncel"],"_links":{"self":[{"href":"https:\/\/www.egemtv.com\/index.php?rest_route=\/wp\/v2\/posts\/38178","targetHints":{"allow":["GET"]}}],"collection":[{"href":"https:\/\/www.egemtv.com\/index.php?rest_route=\/wp\/v2\/posts"}],"about":[{"href":"https:\/\/www.egemtv.com\/index.php?rest_route=\/wp\/v2\/types\/post"}],"author":[{"embeddable":true,"href":"https:\/\/www.egemtv.com\/index.php?rest_route=\/wp\/v2\/users\/1"}],"replies":[{"embeddable":true,"href":"https:\/\/www.egemtv.com\/index.php?rest_route=%2Fwp%2Fv2%2Fcomments&post=38178"}],"version-history":[{"count":1,"href":"https:\/\/www.egemtv.com\/index.php?rest_route=\/wp\/v2\/posts\/38178\/revisions"}],"predecessor-version":[{"id":38180,"href":"https:\/\/www.egemtv.com\/index.php?rest_route=\/wp\/v2\/posts\/38178\/revisions\/38180"}],"wp:featuredmedia":[{"embeddable":true,"href":"https:\/\/www.egemtv.com\/index.php?rest_route=\/wp\/v2\/media\/38179"}],"wp:attachment":[{"href":"https:\/\/www.egemtv.com\/index.php?rest_route=%2Fwp%2Fv2%2Fmedia&parent=38178"}],"wp:term":[{"taxonomy":"category","embeddable":true,"href":"https:\/\/www.egemtv.com\/index.php?rest_route=%2Fwp%2Fv2%2Fcategories&post=38178"},{"taxonomy":"post_tag","embeddable":true,"href":"https:\/\/www.egemtv.com\/index.php?rest_route=%2Fwp%2Fv2%2Ftags&post=38178"}],"curies":[{"name":"wp","href":"https:\/\/api.w.org\/{rel}","templated":true}]}}