{"id":38175,"date":"2025-06-27T13:16:47","date_gmt":"2025-06-27T10:16:47","guid":{"rendered":"https:\/\/www.egemtv.com\/?p=38175"},"modified":"2025-06-27T13:16:52","modified_gmt":"2025-06-27T10:16:52","slug":"milas-boga-yokusunda-trafik-kazasi-2-yarali","status":"publish","type":"post","link":"https:\/\/www.egemtv.com\/?p=38175","title":{"rendered":"Milas Bo\u011fa Yoku\u015fu\u2019nda trafik kazas\u0131: 2 yaral\u0131"},"content":{"rendered":"<p>Mu\u011fla\u2019n\u0131n Milas il\u00e7esi Bo\u011fa Yoku\u015fu mevkiinde iki kamyonetin \u00e7arp\u0131\u015fmas\u0131 sonucu meydana gelen trafik kazas\u0131nda iki ki\u015fi yaraland\u0131. Kazada, karpuz ta\u015f\u0131yan kamyonetten yola sa\u00e7\u0131lan karpuzlar k\u0131sa s\u00fcreli trafik aksamas\u0131na neden oldu.<br \/>\n<br \/>Edinilen bilgilere g\u00f6re, \u00e7arp\u0131\u015fma sonucu biri hafif iki ki\u015fi yaraland\u0131. Yaral\u0131lara olay yerinde 112 Acil Sa\u011fl\u0131k ekipleri taraf\u0131ndan ilk m\u00fcdahale yap\u0131ld\u0131ktan sonra Milas Devlet Hastanesi\u2019ne sevk edildi. Yaral\u0131lar\u0131n hayati tehlikesinin bulunmad\u0131\u011f\u0131 \u00f6\u011frenildi.<br \/>\n<br \/>Kaza nedeniyle yol bir s\u00fcre trafi\u011fe kapand\u0131. Karayollar\u0131 ve trafik ekipleri olay yerine intikal ederek trafik ak\u0131\u015f\u0131n\u0131 tek \u015feritten kontroll\u00fc \u015fekilde sa\u011flad\u0131. Yola sa\u00e7\u0131lan karpuzlar, kaza yapan ara\u00e7lar yoldan kald\u0131r\u0131ld\u0131ktan trafik normale d\u00f6nd\u00fc.<br \/><\/p>\n","protected":false},"excerpt":{"rendered":"<p>Mu\u011fla\u2019n\u0131n Milas il\u00e7esi Bo\u011fa Yoku\u015fu mevkiinde iki kamyonetin \u00e7arp\u0131\u015fmas\u0131 sonucu meydana gelen trafik kazas\u0131nda iki ki\u015fi yaraland\u0131. Kazada, karpuz ta\u015f\u0131yan kamyonetten yola sa\u00e7\u0131lan karpuzlar k\u0131sa s\u00fcreli trafik aksamas\u0131na neden oldu. Edinilen bilgilere g\u00f6re, \u00e7arp\u0131\u015fma sonucu biri hafif iki ki\u015fi yaraland\u0131. Yaral\u0131lara olay yerinde 112 Acil Sa\u011fl\u0131k ekipleri taraf\u0131ndan ilk m\u00fcdahale yap\u0131ld\u0131ktan sonra Milas Devlet Hastanesi\u2019ne&#8230;<\/p>\n","protected":false},"author":1,"featured_media":38176,"comment_status":"open","ping_status":"open","sticky":false,"template":"","format":"standard","meta":{"_crdt_document":"","footnotes":""},"categories":[5],"tags":[],"class_list":["post-38175","post","type-post","status-publish","format-standard","has-post-thumbnail","hentry","category-asayis"],"_links":{"self":[{"href":"https:\/\/www.egemtv.com\/index.php?rest_route=\/wp\/v2\/posts\/38175","targetHints":{"allow":["GET"]}}],"collection":[{"href":"https:\/\/www.egemtv.com\/index.php?rest_route=\/wp\/v2\/posts"}],"about":[{"href":"https:\/\/www.egemtv.com\/index.php?rest_route=\/wp\/v2\/types\/post"}],"author":[{"embeddable":true,"href":"https:\/\/www.egemtv.com\/index.php?rest_route=\/wp\/v2\/users\/1"}],"replies":[{"embeddable":true,"href":"https:\/\/www.egemtv.com\/index.php?rest_route=%2Fwp%2Fv2%2Fcomments&post=38175"}],"version-history":[{"count":1,"href":"https:\/\/www.egemtv.com\/index.php?rest_route=\/wp\/v2\/posts\/38175\/revisions"}],"predecessor-version":[{"id":38177,"href":"https:\/\/www.egemtv.com\/index.php?rest_route=\/wp\/v2\/posts\/38175\/revisions\/38177"}],"wp:featuredmedia":[{"embeddable":true,"href":"https:\/\/www.egemtv.com\/index.php?rest_route=\/wp\/v2\/media\/38176"}],"wp:attachment":[{"href":"https:\/\/www.egemtv.com\/index.php?rest_route=%2Fwp%2Fv2%2Fmedia&parent=38175"}],"wp:term":[{"taxonomy":"category","embeddable":true,"href":"https:\/\/www.egemtv.com\/index.php?rest_route=%2Fwp%2Fv2%2Fcategories&post=38175"},{"taxonomy":"post_tag","embeddable":true,"href":"https:\/\/www.egemtv.com\/index.php?rest_route=%2Fwp%2Fv2%2Ftags&post=38175"}],"curies":[{"name":"wp","href":"https:\/\/api.w.org\/{rel}","templated":true}]}}