{"id":38172,"date":"2025-06-27T13:16:42","date_gmt":"2025-06-27T10:16:42","guid":{"rendered":"https:\/\/www.egemtv.com\/?p=38172"},"modified":"2025-06-27T13:16:47","modified_gmt":"2025-06-27T10:16:47","slug":"buldanda-sampiyon-deveye-yaz-bakimi","status":"publish","type":"post","link":"https:\/\/www.egemtv.com\/?p=38172","title":{"rendered":"Buldan\u2019da \u015fampiyon deveye yaz bak\u0131m\u0131"},"content":{"rendered":"<p>Denizli\u2019nin Buldan il\u00e7esinde k\u0131\u015f aylar\u0131nda g\u00fcre\u015flere kat\u0131lan develerin yaz bak\u0131mlar\u0131 ba\u015flad\u0131. Sezon boyunca arenalarda ba\u015far\u0131yla m\u00fccadele eden ve 7 kupa kazanan \u0130hramc\u0131 adl\u0131 deveye \u00f6zel bak\u0131m uyguland\u0131.<\/p>\n<p>Havalar\u0131n \u0131s\u0131nmas\u0131yla birlikte havuttan \u00e7\u0131kar\u0131lan deveye, dinlenme s\u00fcrecine uygun bir beslenme ve y\u00fcr\u00fcy\u00fc\u015f program\u0131 haz\u0131rland\u0131. Ayn\u0131 zamanda cilt sa\u011fl\u0131\u011f\u0131na y\u00f6nelik do\u011fal bak\u0131m da ihmal edilmedi. T\u00fcylerini d\u00f6ken deveye, hakiki zeytinya\u011f\u0131, katran, sar\u0131msak, susam ya\u011f\u0131 ve badem ya\u011f\u0131ndan olu\u015fan \u00f6zel bir kar\u0131\u015f\u0131m v\u00fccuduna f\u0131r\u00e7ayla s\u00fcr\u00fclerek uyguland\u0131. Bu kar\u0131\u015f\u0131m, hem cilt sa\u011fl\u0131\u011f\u0131n\u0131 koruyor hem de t\u00fcylerin daha sa\u011fl\u0131kl\u0131 \u00e7\u0131kmas\u0131na yard\u0131mc\u0131 oldu\u011fu belirtildi. Yap\u0131lan bak\u0131m\u0131n, devenin s\u0131cak havalarda daha rahat etmesini sa\u011flad\u0131\u011f\u0131 ve k\u00fc\u00e7\u00fck tahri\u015flere kar\u015f\u0131 koruma sunuyor.<\/p>\n<p>&#8220;Devemiz t\u00fcylerinin d\u00f6kmesinin ard\u0131ndan cilt bak\u0131m\u0131n\u0131 yapt\u0131k&#8221;<br \/>\n<br \/>Beslenme ve y\u00fcr\u00fcy\u00fc\u015f programlar\u0131 ile birlikte cilt bak\u0131m\u0131n\u0131n da yap\u0131ld\u0131\u011f\u0131n\u0131 belirten Nabi Baruto\u011flu, &#8220;\u0130hramc\u0131 devemiz 11 ya\u015f\u0131nda. Ge\u00e7ti\u011fimiz sezon 7 kupayla g\u00fcre\u015f arenalar\u0131nda b\u00fcy\u00fck ba\u015far\u0131 elde etti. V\u00fccut ve teknik anlam\u0131nda zirvede bir deve. Bizde \u015fampiyonun bu s\u0131caklarda rahatlamas\u0131 ve dinlenmesi amac\u0131yla \u00f6zel bir kar\u0131\u015f\u0131m\u0131 v\u00fccuduna s\u00fcr\u00fcyoruz. \u0130hramc\u0131 t\u00fcylerini d\u00f6kt\u00fc. Sadece kendi derisi kald\u0131. Cilt bak\u0131m\u0131 yapmak i\u00e7in hakiki zeytinya\u011f\u0131, katran, sar\u0131msak, susam ya\u011f\u0131 ve badem ya\u011f\u0131n\u0131 kar\u0131\u015ft\u0131r\u0131p v\u00fccuduna f\u0131r\u00e7a ile s\u00fcr\u00fcyoruz. Bu i\u015flem ayn\u0131 erkeklerdeki tra\u015ftan sonra krem, losyon ve kolonya\u011f\u0131 s\u00fcrmek gibi bir i\u015flemdir&#8221; dedi.<\/p>\n<p>&#8220;T\u00fcylerin daha g\u00fczel \u00e7\u0131kmas\u0131 i\u00e7in bu i\u015flem \u015fartt\u0131r&#8221;<br \/>\n<br \/>T\u00fcylerinin daha g\u00fczel \u00e7\u0131kmas\u0131 i\u00e7in bu i\u015flemin yap\u0131ld\u0131\u011f\u0131n\u0131 ve geli\u015fmesinde yard\u0131mc\u0131 oldu\u011funu ifade eden Nabi Baruto\u011flu, &#8220;T\u00fcylerin daha g\u00fczel \u00e7\u0131kmas\u0131 i\u00e7in bu i\u015flem \u015fartt\u0131r. Bedenin geli\u015fmesine yard\u0131mc\u0131 olur. K\u00fc\u00e7\u00fck yara, bere ve b\u00f6cek \u0131s\u0131rd\u0131klar\u0131ndan etkilenen tahri\u015flere kar\u015f\u0131 yararl\u0131d\u0131r. Deveyi yaz s\u0131caklar\u0131ndan korur, rahatlat\u0131r ve dinlendirir. Yapt\u0131\u011f\u0131m\u0131z bu i\u015flemlerle birlikte \u0130hramc\u0131 in\u015fallah yeni sezonda da ad\u0131ndan ba\u015far\u0131yla s\u00f6z ettirecektir&#8221; diye konu\u015ftu.<br \/><\/p>\n","protected":false},"excerpt":{"rendered":"<p>Denizli\u2019nin Buldan il\u00e7esinde k\u0131\u015f aylar\u0131nda g\u00fcre\u015flere kat\u0131lan develerin yaz bak\u0131mlar\u0131 ba\u015flad\u0131. Sezon boyunca arenalarda ba\u015far\u0131yla m\u00fccadele eden ve 7 kupa kazanan \u0130hramc\u0131 adl\u0131 deveye \u00f6zel bak\u0131m uyguland\u0131. Havalar\u0131n \u0131s\u0131nmas\u0131yla birlikte havuttan \u00e7\u0131kar\u0131lan deveye, dinlenme s\u00fcrecine uygun bir beslenme ve y\u00fcr\u00fcy\u00fc\u015f program\u0131 haz\u0131rland\u0131. Ayn\u0131 zamanda cilt sa\u011fl\u0131\u011f\u0131na y\u00f6nelik do\u011fal bak\u0131m da ihmal edilmedi. T\u00fcylerini d\u00f6ken deveye,&#8230;<\/p>\n","protected":false},"author":1,"featured_media":38173,"comment_status":"open","ping_status":"open","sticky":false,"template":"","format":"standard","meta":{"_crdt_document":"","footnotes":""},"categories":[1],"tags":[],"class_list":["post-38172","post","type-post","status-publish","format-standard","has-post-thumbnail","hentry","category-guncel"],"_links":{"self":[{"href":"https:\/\/www.egemtv.com\/index.php?rest_route=\/wp\/v2\/posts\/38172","targetHints":{"allow":["GET"]}}],"collection":[{"href":"https:\/\/www.egemtv.com\/index.php?rest_route=\/wp\/v2\/posts"}],"about":[{"href":"https:\/\/www.egemtv.com\/index.php?rest_route=\/wp\/v2\/types\/post"}],"author":[{"embeddable":true,"href":"https:\/\/www.egemtv.com\/index.php?rest_route=\/wp\/v2\/users\/1"}],"replies":[{"embeddable":true,"href":"https:\/\/www.egemtv.com\/index.php?rest_route=%2Fwp%2Fv2%2Fcomments&post=38172"}],"version-history":[{"count":1,"href":"https:\/\/www.egemtv.com\/index.php?rest_route=\/wp\/v2\/posts\/38172\/revisions"}],"predecessor-version":[{"id":38174,"href":"https:\/\/www.egemtv.com\/index.php?rest_route=\/wp\/v2\/posts\/38172\/revisions\/38174"}],"wp:featuredmedia":[{"embeddable":true,"href":"https:\/\/www.egemtv.com\/index.php?rest_route=\/wp\/v2\/media\/38173"}],"wp:attachment":[{"href":"https:\/\/www.egemtv.com\/index.php?rest_route=%2Fwp%2Fv2%2Fmedia&parent=38172"}],"wp:term":[{"taxonomy":"category","embeddable":true,"href":"https:\/\/www.egemtv.com\/index.php?rest_route=%2Fwp%2Fv2%2Fcategories&post=38172"},{"taxonomy":"post_tag","embeddable":true,"href":"https:\/\/www.egemtv.com\/index.php?rest_route=%2Fwp%2Fv2%2Ftags&post=38172"}],"curies":[{"name":"wp","href":"https:\/\/api.w.org\/{rel}","templated":true}]}}