{"id":38154,"date":"2025-06-27T12:16:18","date_gmt":"2025-06-27T09:16:18","guid":{"rendered":"https:\/\/www.egemtv.com\/?p=38154"},"modified":"2025-06-27T12:16:22","modified_gmt":"2025-06-27T09:16:22","slug":"efeler-genclik-kampinda-bulustular","status":"publish","type":"post","link":"https:\/\/www.egemtv.com\/?p=38154","title":{"rendered":"Efeler Gen\u00e7lik Kamp\u0131\u2019nda bulu\u015ftular"},"content":{"rendered":"<p>Gen\u00e7lik ve Spor Bakanl\u0131\u011f\u0131 taraf\u0131ndan her y\u0131l d\u00fczenlenen Ulusal Kamplar Program\u0131, bu y\u0131l da gen\u00e7leri bir araya getirmeye devam ediyor. Program kapsam\u0131nda farkl\u0131 illerden kat\u0131lan yakla\u015f\u0131k 160 gen\u00e7, Ayd\u0131n\u2019\u0131n Ku\u015fadas\u0131 il\u00e7esinde bulunan Efeler Gen\u00e7lik Kamp\u0131nda a\u011f\u0131rland\u0131.<\/p>\n<p>Kamp s\u00fcresince gen\u00e7ler; futbol, basketbol, voleybol, halk oyunlar\u0131, ok\u00e7uluk, bisiklet, geleneksel ebru sanat\u0131 ve geleneksel T\u00fcrk savunma sporu olan matrak gibi bir\u00e7ok sportif ve k\u00fclt\u00fcrel faaliyetle hem e\u011fleniyor hem de kendilerini ke\u015ffetme imk\u00e2n\u0131 buluyor. Kampta sunulan havuz ve deniz imkanlar\u0131 sayesinde y\u00fczme bilen gen\u00e7ler serbest y\u00fczme yapabilirken, y\u00fczme bilmeyen gen\u00e7lere ise temel y\u00fczme e\u011fitimi veriliyor.<\/p>\n<p>Gen\u00e7ler, kamp ortam\u0131nda yeni arkada\u015fl\u0131klar kurarken ayn\u0131 zamanda ileti\u015fim, payla\u015f\u0131m ve birlikte ya\u015fama k\u00fclt\u00fcr\u00fc gibi sosyal becerilerini de geli\u015ftiriyor. Kamp\u0131n her a\u015famas\u0131nda g\u00f6rev alan g\u00f6n\u00fcll\u00fc gen\u00e7lik liderleri ise gen\u00e7lerin g\u00fcvenli\u011fi, konforu ve etkinliklerden en iyi \u015fekilde faydalanmalar\u0131 ad\u0131na b\u00fcy\u00fck bir \u00f6zveriyle \u00e7al\u0131\u015f\u0131yor.<\/p>\n<p>Kamp\u0131n \u00f6nemli bir e\u011fitim ba\u015fl\u0131\u011f\u0131 da afet bilinci oldu. \u00dclkemizin afet ku\u015fa\u011f\u0131nda yer almas\u0131 nedeniyle, Ayd\u0131n \u0130l AFAD M\u00fcd\u00fcrl\u00fc\u011f\u00fc i\u015f birli\u011fiyle gen\u00e7lere y\u00f6nelik bir bilin\u00e7lendirme e\u011fitimi ger\u00e7ekle\u015ftirildi. Teorik sunumlar\u0131n yan\u0131 s\u0131ra uygulamal\u0131 \u00e7al\u0131\u015fmalarla desteklenen e\u011fitimlerde, gen\u00e7lere afet \u00f6ncesi, s\u0131ras\u0131 ve sonras\u0131nda yap\u0131lmas\u0131 gerekenler hakk\u0131nda bilgi verildi. Bu sayede gen\u00e7ler, muhtemel do\u011fal afetlere kar\u015f\u0131 daha donan\u0131ml\u0131 h\u00e2le geldi.<br \/><\/p>\n","protected":false},"excerpt":{"rendered":"<p>Gen\u00e7lik ve Spor Bakanl\u0131\u011f\u0131 taraf\u0131ndan her y\u0131l d\u00fczenlenen Ulusal Kamplar Program\u0131, bu y\u0131l da gen\u00e7leri bir araya getirmeye devam ediyor. Program kapsam\u0131nda farkl\u0131 illerden kat\u0131lan yakla\u015f\u0131k 160 gen\u00e7, Ayd\u0131n\u2019\u0131n Ku\u015fadas\u0131 il\u00e7esinde bulunan Efeler Gen\u00e7lik Kamp\u0131nda a\u011f\u0131rland\u0131. Kamp s\u00fcresince gen\u00e7ler; futbol, basketbol, voleybol, halk oyunlar\u0131, ok\u00e7uluk, bisiklet, geleneksel ebru sanat\u0131 ve geleneksel T\u00fcrk savunma sporu olan&#8230;<\/p>\n","protected":false},"author":1,"featured_media":38155,"comment_status":"open","ping_status":"open","sticky":false,"template":"","format":"standard","meta":{"_crdt_document":"","footnotes":""},"categories":[1],"tags":[],"class_list":["post-38154","post","type-post","status-publish","format-standard","has-post-thumbnail","hentry","category-guncel"],"_links":{"self":[{"href":"https:\/\/www.egemtv.com\/index.php?rest_route=\/wp\/v2\/posts\/38154","targetHints":{"allow":["GET"]}}],"collection":[{"href":"https:\/\/www.egemtv.com\/index.php?rest_route=\/wp\/v2\/posts"}],"about":[{"href":"https:\/\/www.egemtv.com\/index.php?rest_route=\/wp\/v2\/types\/post"}],"author":[{"embeddable":true,"href":"https:\/\/www.egemtv.com\/index.php?rest_route=\/wp\/v2\/users\/1"}],"replies":[{"embeddable":true,"href":"https:\/\/www.egemtv.com\/index.php?rest_route=%2Fwp%2Fv2%2Fcomments&post=38154"}],"version-history":[{"count":1,"href":"https:\/\/www.egemtv.com\/index.php?rest_route=\/wp\/v2\/posts\/38154\/revisions"}],"predecessor-version":[{"id":38156,"href":"https:\/\/www.egemtv.com\/index.php?rest_route=\/wp\/v2\/posts\/38154\/revisions\/38156"}],"wp:featuredmedia":[{"embeddable":true,"href":"https:\/\/www.egemtv.com\/index.php?rest_route=\/wp\/v2\/media\/38155"}],"wp:attachment":[{"href":"https:\/\/www.egemtv.com\/index.php?rest_route=%2Fwp%2Fv2%2Fmedia&parent=38154"}],"wp:term":[{"taxonomy":"category","embeddable":true,"href":"https:\/\/www.egemtv.com\/index.php?rest_route=%2Fwp%2Fv2%2Fcategories&post=38154"},{"taxonomy":"post_tag","embeddable":true,"href":"https:\/\/www.egemtv.com\/index.php?rest_route=%2Fwp%2Fv2%2Ftags&post=38154"}],"curies":[{"name":"wp","href":"https:\/\/api.w.org\/{rel}","templated":true}]}}