{"id":38151,"date":"2025-06-27T12:16:10","date_gmt":"2025-06-27T09:16:10","guid":{"rendered":"https:\/\/www.egemtv.com\/?p=38151"},"modified":"2025-06-27T12:16:18","modified_gmt":"2025-06-27T09:16:18","slug":"ogrencilerin-hazirladigi-dergi-buyuk-ilgi-gordu","status":"publish","type":"post","link":"https:\/\/www.egemtv.com\/?p=38151","title":{"rendered":"\u00d6\u011frencilerin haz\u0131rlad\u0131\u011f\u0131 dergi b\u00fcy\u00fck ilgi g\u00f6rd\u00fc"},"content":{"rendered":"<p>Afyonkarahisar\u2019da Yunus Emre Ortaokulu \u00f6\u011frencileri taraf\u0131ndan haz\u0131rlanan \u2018\u015eehrimiz Afyonkarahisar-Lezzetlerin Dilinden \u015eehir\u2019 temal\u0131 okul dergisi b\u00fcy\u00fck ilgi g\u00f6rd\u00fc.<br \/>\n<br \/>\u0130l Milli E\u011fitim M\u00fcd\u00fcr\u00fc Mira\u00e7 S\u00fcnnetci\u2019yi makam\u0131nda ziyaret eden Yunus Emre Ortaokulu idarecileri ve \u00f6\u011fretmenleri ile \u00f6\u011frencilerin kaleminden d\u00f6k\u00fclerek haz\u0131rlanan ve i\u00e7inde S\u00fcnnetci ile yap\u0131lan r\u00f6portaj\u0131n da yer ald\u0131\u011f\u0131 &#8220;\u015eehrimiz Afyonkarahisar- Lezzetlerin Dilinden \u015eehir&#8221; temal\u0131 okul dergisi takdim edildi.<br \/>\n<br \/>Ziyarette okul dergisinin tan\u0131t\u0131m\u0131n\u0131 yapan \u00f6\u011fretmen ve idareciler devam\u0131nda okulda y\u00fcr\u00fct\u00fclen \u00e7al\u0131\u015fmalar, sosyal, k\u00fclt\u00fcrel, sportif ve akademik ba\u015far\u0131lar \u00fczerine S\u00fcnnetci\u2019ye bilgilendirmelerde bulundular.<br \/>\n<br \/>Ziyaret sonunda derginin di\u011fer okullara ilham vermesi temennisinde bulunan S\u00fcnnetci, k\u00fc\u00e7\u00fck misafirlerine oyuncak bebek hediye ederek hat\u0131ra foto\u011fraf\u0131 \u00e7ektirdi.<br \/><\/p>\n","protected":false},"excerpt":{"rendered":"<p>Afyonkarahisar\u2019da Yunus Emre Ortaokulu \u00f6\u011frencileri taraf\u0131ndan haz\u0131rlanan \u2018\u015eehrimiz Afyonkarahisar-Lezzetlerin Dilinden \u015eehir\u2019 temal\u0131 okul dergisi b\u00fcy\u00fck ilgi g\u00f6rd\u00fc. \u0130l Milli E\u011fitim M\u00fcd\u00fcr\u00fc Mira\u00e7 S\u00fcnnetci\u2019yi makam\u0131nda ziyaret eden Yunus Emre Ortaokulu idarecileri ve \u00f6\u011fretmenleri ile \u00f6\u011frencilerin kaleminden d\u00f6k\u00fclerek haz\u0131rlanan ve i\u00e7inde S\u00fcnnetci ile yap\u0131lan r\u00f6portaj\u0131n da yer ald\u0131\u011f\u0131 &#8220;\u015eehrimiz Afyonkarahisar- Lezzetlerin Dilinden \u015eehir&#8221; temal\u0131 okul dergisi takdim&#8230;<\/p>\n","protected":false},"author":1,"featured_media":38152,"comment_status":"open","ping_status":"open","sticky":false,"template":"","format":"standard","meta":{"_crdt_document":"","footnotes":""},"categories":[1],"tags":[],"class_list":["post-38151","post","type-post","status-publish","format-standard","has-post-thumbnail","hentry","category-guncel"],"_links":{"self":[{"href":"https:\/\/www.egemtv.com\/index.php?rest_route=\/wp\/v2\/posts\/38151","targetHints":{"allow":["GET"]}}],"collection":[{"href":"https:\/\/www.egemtv.com\/index.php?rest_route=\/wp\/v2\/posts"}],"about":[{"href":"https:\/\/www.egemtv.com\/index.php?rest_route=\/wp\/v2\/types\/post"}],"author":[{"embeddable":true,"href":"https:\/\/www.egemtv.com\/index.php?rest_route=\/wp\/v2\/users\/1"}],"replies":[{"embeddable":true,"href":"https:\/\/www.egemtv.com\/index.php?rest_route=%2Fwp%2Fv2%2Fcomments&post=38151"}],"version-history":[{"count":1,"href":"https:\/\/www.egemtv.com\/index.php?rest_route=\/wp\/v2\/posts\/38151\/revisions"}],"predecessor-version":[{"id":38153,"href":"https:\/\/www.egemtv.com\/index.php?rest_route=\/wp\/v2\/posts\/38151\/revisions\/38153"}],"wp:featuredmedia":[{"embeddable":true,"href":"https:\/\/www.egemtv.com\/index.php?rest_route=\/wp\/v2\/media\/38152"}],"wp:attachment":[{"href":"https:\/\/www.egemtv.com\/index.php?rest_route=%2Fwp%2Fv2%2Fmedia&parent=38151"}],"wp:term":[{"taxonomy":"category","embeddable":true,"href":"https:\/\/www.egemtv.com\/index.php?rest_route=%2Fwp%2Fv2%2Fcategories&post=38151"},{"taxonomy":"post_tag","embeddable":true,"href":"https:\/\/www.egemtv.com\/index.php?rest_route=%2Fwp%2Fv2%2Ftags&post=38151"}],"curies":[{"name":"wp","href":"https:\/\/api.w.org\/{rel}","templated":true}]}}