{"id":38148,"date":"2025-06-27T11:56:57","date_gmt":"2025-06-27T08:56:57","guid":{"rendered":"https:\/\/www.egemtv.com\/?p=38148"},"modified":"2025-06-27T11:57:01","modified_gmt":"2025-06-27T08:57:01","slug":"ak-parti-izmir-il-baskani-saygilidan-kente-yapilan-ulasim-yatirimlari-raporu","status":"publish","type":"post","link":"https:\/\/www.egemtv.com\/?p=38148","title":{"rendered":"AK Parti \u0130zmir \u0130l Ba\u015fkan\u0131 Sayg\u0131l\u0131\u2019dan kente yap\u0131lan ula\u015f\u0131m yat\u0131r\u0131mlar\u0131 raporu"},"content":{"rendered":"<p>AK Parti \u0130zmir \u0130l Ba\u015fkan\u0131 Bilal Sayg\u0131l\u0131, AK Parti h\u00fck\u00fcmetlerinin 23 y\u0131lda, \u0130zmir\u2019e kazand\u0131rd\u0131\u011f\u0131 ula\u015f\u0131m yat\u0131r\u0131mlar\u0131 raporunu payla\u015farak, \u2018\u201923 y\u0131ld\u0131r lafla de\u011fil, icraatla konu\u015fuyoruz. 2002\u2019de 431 kilometre olan b\u00f6l\u00fcnm\u00fc\u015f yol uzunlu\u011funu 977 kilometreye \u00e7\u0131kararak \u015fehrin ula\u015f\u0131m omurgas\u0131n\u0131 yeniden in\u015fa ettik. \u0130zmir \u00c7evre Yolu\u2019nu 55,5kilometre uzunlu\u011funda tamamlayarak, Konak T\u00fcneli\u2019yle \u015fehir i\u00e7i trafi\u011fine nefes ald\u0131rarak, \u0130zmir-\u0130stanbul Otoyolu\u2019yla 8,5 saat s\u00fcren mesafeyi 3,5 saate indirerek, Menemen-Alia\u011fa-\u00c7andarl\u0131 Otoyolu\u2019nu hizmete a\u00e7arak, Sabuncubeli T\u00fcneli ile \u0130zmir-Manisa aras\u0131n\u0131 sadece 15 dakikaya d\u00fc\u015f\u00fcrerek ula\u015f\u0131mda tarihi ad\u0131mlar att\u0131k. Biz \u0130zmir\u2019e ne verdik diye soranlara, sadece rakamlarla de\u011fil; vizyonla, icraatla, eserle cevap veriyoruz.\u2019\u2019 dedi.<br \/>\n<br \/>AK Parti \u0130zmir \u0130l Ba\u015fkan\u0131 Bilal Sayg\u0131l\u0131, 2003-2025 y\u0131llar\u0131 aras\u0131nda AK Parti h\u00fck\u00fcmetlerinin \u0130zmir\u2019e kazand\u0131rd\u0131\u011f\u0131 ula\u015f\u0131m yat\u0131r\u0131mlar\u0131n\u0131 kamuoyuyla payla\u015ft\u0131. \u2018\u201923 y\u0131ld\u0131r lafla de\u011fil, icraatla konu\u015fuyoruz.\u2019 diyen Ba\u015fkan Sayg\u0131l\u0131, \u2018\u2019Masada de\u011fil, sahada yaz\u0131yoruz destanlar\u0131. Yat\u0131r\u0131mlar\u0131m\u0131zla, projelerimizle, eserlerimizle sadece bir \u015fehrin de\u011fil; g\u00f6n\u00fcllerin, ufuklar\u0131n yollar\u0131n\u0131 a\u00e7\u0131yoruz. \u0130zmir\u2019e bakt\u0131\u011f\u0131m\u0131zda, sadece bir \u015fehir g\u00f6rmedik; bereketin, \u00fcretimin, tarih ve k\u00fclt\u00fcr\u00fcn merkezini, T\u00fcrkiye Y\u00fczy\u0131l\u0131\u2019n\u0131n \u00f6nc\u00fcs\u00fc olacak bir potansiyeli g\u00f6rd\u00fck. Ve dedik ki: \u2018\u0130zmir hak etti\u011fi hizmeti alacak!\u2019 \u0130zmir, y\u0131llarca bekletilen yat\u0131r\u0131mlar\u0131 bizimle kavu\u015ftu, ula\u015f\u0131mda adeta \u00e7a\u011f atlad\u0131. AK Parti h\u00fck\u00fcmetleri olarak 245 milyar TL yat\u0131r\u0131mla \u0130zmir\u2019de yaln\u0131zca yollar in\u015fa etmedik; \u015fehirle birlikte hayalleri, umutlar\u0131 ve gelece\u011fi birbirine ba\u011flad\u0131k. 2002\u2019de 431 kilometre olan b\u00f6l\u00fcnm\u00fc\u015f yol uzunlu\u011funu 977 kilometreye \u00e7\u0131kararak \u015fehrin ula\u015f\u0131m omurgas\u0131n\u0131 yeniden in\u015fa ettik. \u0130zmir \u00c7evre Yolu\u2019nu 55,5kilometre uzunlu\u011funda tamamlayarak, Konak T\u00fcneli\u2019yle \u015fehir i\u00e7i trafi\u011fine nefes ald\u0131rarak, \u0130zmir-\u0130stanbul Otoyolu\u2019yla 8,5 saat s\u00fcren mesafeyi 3,5 saate indirerek, Menemen-Alia\u011fa-\u00c7andarl\u0131 Otoyolu\u2019nu hizmete a\u00e7arak, Sabuncubeli T\u00fcneli ile \u0130zmir-Manisa aras\u0131n\u0131 sadece 15 dakikaya d\u00fc\u015f\u00fcrerek ula\u015f\u0131mda tarihi ad\u0131mlar att\u0131k.\u2019\u2019 dedi.<\/p>\n<p>&#8220;Vizyonla, icraatla, eserle cevap veriyoruz&#8221;<br \/>\n<br \/>\u2018\u2019Rayl\u0131 sistemde ise \u0130zmir\u2019in trafik sorununa \u00e7\u00f6z\u00fcm sunan \u0130ZBAN\u2019\u0131 in\u015fa ettik.\u2019\u2019 diyerek s\u00f6zlerine devam eden Ba\u015fkan Sayg\u0131l\u0131, \u2018\u2019\u0130ZBAN ile \u015fehir kuzeyden g\u00fcneye, Alia\u011fa\u2019dan Sel\u00e7uk\u2019a 136 kilometrelik hatla birbiriyle bulu\u015ftu. Bu dev proje, \u0130zmir\u2019in ula\u015f\u0131mda \u00e7a\u011f atlamas\u0131n\u0131 sa\u011flad\u0131. Adnan Menderes Havaliman\u0131\u2019n\u0131 modernize edip, 2002\u2019de 2,3 milyon olan yolcu say\u0131s\u0131n\u0131 2024\u2019te 11,5 milyona ta\u015f\u0131d\u0131k. Bergama \u00c7evreyolu\u2019nu, Torbal\u0131\u2019da Kemalpa\u015fa K\u00f6pr\u00fcl\u00fc Kav\u015fa\u011f\u0131n\u0131 yapt\u0131k. Ankara-\u0130zmir Y\u00fcksek H\u0131zl\u0131 Tren Hatt\u0131 h\u0131zla ilerliyor, 2027\u2019de bitirmeyi hedefliyoruz. Yeni Fo\u00e7a Yat Liman\u0131\u2019n\u0131 a\u00e7t\u0131k, \u00d6zdere\u2019den Dikili\u2019ye 5 yeni liman i\u00e7in projelerimiz haz\u0131r. B\u00fct\u00fcn bunlar\u0131n yan\u0131 s\u0131ra sadece2003-2025 y\u0131llar\u0131 aras\u0131nda; 146 km tek yol yap\u0131m\u0131, 552 km BSK kaplama, 308 k\u00f6pr\u00fc &#8211; 46 bin 404 metre uzunluk, 5 bin 149 km asfalt onar\u0131m\u0131, 67 bin 379 m d\u00fc\u015fey trafik i\u015faretleme, 13 milyon m yatay i\u015faretleme, 865 km oto korkuluk, 12 kaza kara noktas\u0131 iyile\u015ftirmesi, 30 yaya \u00fcst ge\u00e7idi, 165 sinyalizasyon sistemi hayata ge\u00e7irildi. Ve daha niceleri Biz \u0130zmir\u2019e ne verdik diye soranlara, sadece rakamlarla de\u011fil; vizyonla, icraatla, eserle cevap veriyoruz. \u0130zmir\u2019e hizmeti lafla de\u011fil, asfaltla, rayla, t\u00fcnelle yazd\u0131k. 22 y\u0131lda sessiz bir ula\u015f\u0131m devrimi yapt\u0131k. Ve daha da devam ediyoruz. AK Parti varsa hizmet vard\u0131r. \u0130zmir varsa hedef b\u00fcy\u00fckt\u00fcr.\u2019\u2019 dedi.<br \/><\/p>\n","protected":false},"excerpt":{"rendered":"<p>AK Parti \u0130zmir \u0130l Ba\u015fkan\u0131 Bilal Sayg\u0131l\u0131, AK Parti h\u00fck\u00fcmetlerinin 23 y\u0131lda, \u0130zmir\u2019e kazand\u0131rd\u0131\u011f\u0131 ula\u015f\u0131m yat\u0131r\u0131mlar\u0131 raporunu payla\u015farak, \u2018\u201923 y\u0131ld\u0131r lafla de\u011fil, icraatla konu\u015fuyoruz. 2002\u2019de 431 kilometre olan b\u00f6l\u00fcnm\u00fc\u015f yol uzunlu\u011funu 977 kilometreye \u00e7\u0131kararak \u015fehrin ula\u015f\u0131m omurgas\u0131n\u0131 yeniden in\u015fa ettik. \u0130zmir \u00c7evre Yolu\u2019nu 55,5kilometre uzunlu\u011funda tamamlayarak, Konak T\u00fcneli\u2019yle \u015fehir i\u00e7i trafi\u011fine nefes ald\u0131rarak, \u0130zmir-\u0130stanbul Otoyolu\u2019yla&#8230;<\/p>\n","protected":false},"author":1,"featured_media":38149,"comment_status":"open","ping_status":"open","sticky":false,"template":"","format":"standard","meta":{"_crdt_document":"","footnotes":""},"categories":[127],"tags":[],"class_list":["post-38148","post","type-post","status-publish","format-standard","has-post-thumbnail","hentry","category-siyaset"],"_links":{"self":[{"href":"https:\/\/www.egemtv.com\/index.php?rest_route=\/wp\/v2\/posts\/38148","targetHints":{"allow":["GET"]}}],"collection":[{"href":"https:\/\/www.egemtv.com\/index.php?rest_route=\/wp\/v2\/posts"}],"about":[{"href":"https:\/\/www.egemtv.com\/index.php?rest_route=\/wp\/v2\/types\/post"}],"author":[{"embeddable":true,"href":"https:\/\/www.egemtv.com\/index.php?rest_route=\/wp\/v2\/users\/1"}],"replies":[{"embeddable":true,"href":"https:\/\/www.egemtv.com\/index.php?rest_route=%2Fwp%2Fv2%2Fcomments&post=38148"}],"version-history":[{"count":1,"href":"https:\/\/www.egemtv.com\/index.php?rest_route=\/wp\/v2\/posts\/38148\/revisions"}],"predecessor-version":[{"id":38150,"href":"https:\/\/www.egemtv.com\/index.php?rest_route=\/wp\/v2\/posts\/38148\/revisions\/38150"}],"wp:featuredmedia":[{"embeddable":true,"href":"https:\/\/www.egemtv.com\/index.php?rest_route=\/wp\/v2\/media\/38149"}],"wp:attachment":[{"href":"https:\/\/www.egemtv.com\/index.php?rest_route=%2Fwp%2Fv2%2Fmedia&parent=38148"}],"wp:term":[{"taxonomy":"category","embeddable":true,"href":"https:\/\/www.egemtv.com\/index.php?rest_route=%2Fwp%2Fv2%2Fcategories&post=38148"},{"taxonomy":"post_tag","embeddable":true,"href":"https:\/\/www.egemtv.com\/index.php?rest_route=%2Fwp%2Fv2%2Ftags&post=38148"}],"curies":[{"name":"wp","href":"https:\/\/api.w.org\/{rel}","templated":true}]}}