{"id":38145,"date":"2025-06-27T11:56:52","date_gmt":"2025-06-27T08:56:52","guid":{"rendered":"https:\/\/www.egemtv.com\/?p=38145"},"modified":"2025-06-27T11:56:57","modified_gmt":"2025-06-27T08:56:57","slug":"buyuksehir-engelsiz-izciler-kampi-ile-sarigermeyi-renklendirdi","status":"publish","type":"post","link":"https:\/\/www.egemtv.com\/?p=38145","title":{"rendered":"B\u00fcy\u00fck\u015fehir Engelsiz \u0130zciler kamp\u0131 ile Sar\u0131germe\u2019yi renklendirdi"},"content":{"rendered":"<p>T\u00fcrkiye\u2019de ilk olan K\u0131sa Mola hizmetiyle engellerin sevgiyle a\u015f\u0131lmas\u0131n\u0131 sa\u011flayan, engelli bireye sahip ailelere destek olan Mu\u011fla B\u00fcy\u00fck\u015fehir Belediyesi K\u0131sa Mola hizmetinden yararlanan bireyler i\u00e7in Engelsiz \u0130zciler Kamp\u0131\u2019n\u0131 bu y\u0131l Ortaca Sar\u0131germe\u2019de Melek \u0130zciler Y\u0131ld\u0131z Oyma\u011f\u0131 ismi ile d\u00fczenledi. 24-26 Haziran tarihleri aras\u0131nda Ortaca Sar\u0131germe Halk Plaj\u0131\u2019nda d\u00fczenlenen 8.Engelsiz \u0130zci Kamp\u0131\u2019na Bodrum, Milas, Yata\u011fan, Mente\u015fe, Marmaris, Dat\u00e7a, Ortaca, Fethiye K\u0131sa Mola Merkezleri\u2019nden yararlanan toplam 36 Engelsiz \u0130zci kat\u0131ld\u0131.<br \/>\n<br \/>Mu\u011fla B\u00fcy\u00fck\u015fehir Belediyesi\u2019nin Ortaca Sar\u0131germe\u2019de d\u00fczenledi\u011fi Engelsiz \u0130zci kamp\u0131 iki gece, \u00fc\u00e7 g\u00fcn s\u00fcrd\u00fc. Engelsiz \u0130zciler kampta ilk g\u00fcn \u00e7ad\u0131rlar\u0131n\u0131 kurdular ve ak\u015fam kamp oyunlar\u0131 oynad\u0131lar. \u0130kinci g\u00fcn deniz etkinli\u011fi, Ortaca Belediyesi\u2019nin deste\u011fiyle Dalyan kanal turu yapt\u0131lar. Engelsiz \u0130zciler deniz kaplumba\u011falar\u0131 rehabilitasyon merkezini (DEKAMER) ziyaret ederek merkezde y\u00fcr\u00fct\u00fclen hizmetleri \u00f6\u011frendiler ve yaral\u0131 kaplumba\u011falar\u0131n rehabilitasyon s\u00fcrecine tan\u0131kl\u0131k ettiler. Do\u011fan\u0131n kalbinde kurulan kampta, izciler \u00e7e\u015fitli kamp oyunlar\u0131yla hem e\u011flendi hem de tak\u0131m ruhunu peki\u015ftirdi. G\u00fcn boyunca s\u00fcren etkinliklerde izciler deniz aktivitelerine kat\u0131larak serin sular\u0131n da keyfini \u00e7\u0131kard\u0131.<br \/>\n<br \/>Mu\u011fla B\u00fcy\u00fck\u015fehir Belediyesi bu y\u0131l sekizincisini d\u00fczenledi\u011fi Engelsiz \u0130zciler kamp\u0131 ile engelli bireylerin ve engellisi olan ailelerin sosyal hayata kat\u0131l\u0131m\u0131n\u0131 sa\u011flamay\u0131, engelli bireylerin do\u011fayla i\u00e7 i\u00e7e keyifli vakit ge\u00e7irmelerini, sosyal etkile\u015fim, dayan\u0131\u015fma ve ba\u011f\u0131ms\u0131z ya\u015fam becerileri konusunda \u00f6nemli kazan\u0131mlar elde etmelerini ama\u00e7l\u0131yor.<br \/>\n<br \/>Ba\u015fkan Aras; &#8220;Biz Mu\u011flam\u0131zda t\u00fcm renklerimizle, farkl\u0131l\u0131klar\u0131m\u0131zla g\u00fczeliz&#8221;<br \/>\n<br \/>K\u0131y\u0131 Ege Belediyeler Birli\u011fi ve Mu\u011fla B\u00fcy\u00fck\u015fehir Belediye Ba\u015fkan\u0131 Ahmet Aras izcili\u011fin do\u011fayla uyumlu ya\u015famay\u0131, yeni beceriler edinmeyi sa\u011flad\u0131\u011f\u0131n\u0131, Engelsiz \u0130zciler projesiyle de Mu\u011fla\u2019da y\u00fczleri g\u00fcld\u00fcrd\u00fc\u011f\u00fcn\u00fc s\u00f6yledi.<br \/>\n<br \/>Ba\u015fkan Aras; &#8220;Mu\u011flam\u0131z do\u011fas\u0131, denizi, ye\u015fili, t\u00fcm g\u00fczellikleri ile insanlara mutluluk, huzur ve umut veren bir \u015fehir. Bu e\u015fsiz do\u011fada farkl\u0131 il\u00e7elerimizden gelen Engelsiz \u0130zcilerimiz bir araya geldiler ve unutulmaz \u00fc\u00e7 g\u00fcn ge\u00e7irdiler. Birlikte \u00e7ad\u0131r kurdular, denize girdiler, tak\u0131m oyunlar\u0131 oynad\u0131lar. Do\u011fada hem tek ba\u015flar\u0131na hem de birlikte yeni ya\u015fam becerileri kazand\u0131lar. B\u00fcy\u00fck\u015fehir Belediyesi olarak Mu\u011flam\u0131zda engelleri sevgiyle a\u015fmaya, onlar\u0131 sosyal hayat i\u00e7inde daha da g\u00f6r\u00fcn\u00fcr k\u0131lmaya devam edece\u011fiz. \u00c7\u00fcnk\u00fc biz Mu\u011flam\u0131zda t\u00fcm renklerimizle, farkl\u0131l\u0131klar\u0131m\u0131zla g\u00fczeliz&#8221; dedi.<br \/><\/p>\n","protected":false},"excerpt":{"rendered":"<p>T\u00fcrkiye\u2019de ilk olan K\u0131sa Mola hizmetiyle engellerin sevgiyle a\u015f\u0131lmas\u0131n\u0131 sa\u011flayan, engelli bireye sahip ailelere destek olan Mu\u011fla B\u00fcy\u00fck\u015fehir Belediyesi K\u0131sa Mola hizmetinden yararlanan bireyler i\u00e7in Engelsiz \u0130zciler Kamp\u0131\u2019n\u0131 bu y\u0131l Ortaca Sar\u0131germe\u2019de Melek \u0130zciler Y\u0131ld\u0131z Oyma\u011f\u0131 ismi ile d\u00fczenledi. 24-26 Haziran tarihleri aras\u0131nda Ortaca Sar\u0131germe Halk Plaj\u0131\u2019nda d\u00fczenlenen 8.Engelsiz \u0130zci Kamp\u0131\u2019na Bodrum, Milas, Yata\u011fan, Mente\u015fe,&#8230;<\/p>\n","protected":false},"author":1,"featured_media":38146,"comment_status":"open","ping_status":"open","sticky":false,"template":"","format":"standard","meta":{"_crdt_document":"","footnotes":""},"categories":[123],"tags":[],"class_list":["post-38145","post","type-post","status-publish","format-standard","has-post-thumbnail","hentry","category-gundem"],"_links":{"self":[{"href":"https:\/\/www.egemtv.com\/index.php?rest_route=\/wp\/v2\/posts\/38145","targetHints":{"allow":["GET"]}}],"collection":[{"href":"https:\/\/www.egemtv.com\/index.php?rest_route=\/wp\/v2\/posts"}],"about":[{"href":"https:\/\/www.egemtv.com\/index.php?rest_route=\/wp\/v2\/types\/post"}],"author":[{"embeddable":true,"href":"https:\/\/www.egemtv.com\/index.php?rest_route=\/wp\/v2\/users\/1"}],"replies":[{"embeddable":true,"href":"https:\/\/www.egemtv.com\/index.php?rest_route=%2Fwp%2Fv2%2Fcomments&post=38145"}],"version-history":[{"count":1,"href":"https:\/\/www.egemtv.com\/index.php?rest_route=\/wp\/v2\/posts\/38145\/revisions"}],"predecessor-version":[{"id":38147,"href":"https:\/\/www.egemtv.com\/index.php?rest_route=\/wp\/v2\/posts\/38145\/revisions\/38147"}],"wp:featuredmedia":[{"embeddable":true,"href":"https:\/\/www.egemtv.com\/index.php?rest_route=\/wp\/v2\/media\/38146"}],"wp:attachment":[{"href":"https:\/\/www.egemtv.com\/index.php?rest_route=%2Fwp%2Fv2%2Fmedia&parent=38145"}],"wp:term":[{"taxonomy":"category","embeddable":true,"href":"https:\/\/www.egemtv.com\/index.php?rest_route=%2Fwp%2Fv2%2Fcategories&post=38145"},{"taxonomy":"post_tag","embeddable":true,"href":"https:\/\/www.egemtv.com\/index.php?rest_route=%2Fwp%2Fv2%2Ftags&post=38145"}],"curies":[{"name":"wp","href":"https:\/\/api.w.org\/{rel}","templated":true}]}}