{"id":38142,"date":"2025-06-27T11:56:47","date_gmt":"2025-06-27T08:56:47","guid":{"rendered":"https:\/\/www.egemtv.com\/?p=38142"},"modified":"2025-06-27T11:56:52","modified_gmt":"2025-06-27T08:56:52","slug":"havada-engelsiz-yolculuk-icin-proje","status":"publish","type":"post","link":"https:\/\/www.egemtv.com\/?p=38142","title":{"rendered":"Havada engelsiz yolculuk i\u00e7in proje"},"content":{"rendered":"<p>Eri\u015filebilir hava yolculu\u011fu i\u00e7in \u00e7al\u0131\u015fmalar y\u00fcr\u00fcten Kapsay\u0131c\u0131 Havac\u0131l\u0131k Projesi\u2019ni (INCLAVI) hayata ge\u00e7iren ve Ya\u015far \u00dcniversitesi\u2019nin de payda\u015f\u0131 oldu\u011fu uluslararas\u0131 konsorsiyum, havac\u0131l\u0131k sekt\u00f6r\u00fcnde engelleri kald\u0131ran proje geli\u015ftirdi.<br \/>\n<br \/>Ya\u015far \u00dcniversitesi A\u00e7\u0131k ve Uzaktan \u00d6\u011frenme Uygulama ve Ara\u015ft\u0131rma Merkezi, havayolu ile seyahat eden engelli bireyler i\u00e7in engelsiz yolculuk deneyimi sunan &#8220;Inclusive Aviation Curriculum&#8221; (Kapsay\u0131c\u0131 Havac\u0131l\u0131k Projesi) i\u00e7in e\u011fitim i\u00e7eriklerinin dijitalle\u015ftirilerek \u00f6\u011frenme ortam\u0131na aktar\u0131lmas\u0131n\u0131 sa\u011fl\u0131yor. Bu alandaki \u00f6rnek \u00e7al\u0131\u015fmalar\u0131 ile bilinen Ya\u015far \u00dcniversitesi A\u00e7\u0131k ve Uzaktan \u00d6\u011frenme Uygulama ve Ara\u015ft\u0131rma Merkezi bu kez dezavantajl\u0131 bireyler i\u00e7in kollar\u0131 s\u0131vad\u0131. Uluslararas\u0131 havac\u0131l\u0131kta yeni bir d\u00f6nemin kap\u0131lar\u0131n\u0131 a\u00e7an projenin e\u011fitim mod\u00fcllerini web tabanl\u0131 ve mobil cihazlar i\u00e7in dijitalle\u015ftirdi.<\/p>\n<p>Havac\u0131l\u0131kta yeni bir d\u00f6nem<br \/>\n<br \/>Ya\u015far \u00dcniversitesi A\u00e7\u0131k ve Uzaktan \u00d6\u011frenme Uygulama ve Ara\u015ft\u0131rma Merkezi M\u00fcd\u00fcr\u00fc Prof. Dr. Yasin \u00d6zarslan, Eyl\u00fcl 2022\u2019de ba\u015flat\u0131lan ve A\u011fustos 2025\u2019e kadar s\u00fcrecek olan bu iddial\u0131 giri\u015fimin havac\u0131l\u0131k sekt\u00f6r\u00fc a\u00e7\u0131s\u0131ndan \u00e7ok \u00f6nemli bir ihtiyac\u0131 kar\u015f\u0131layaca\u011f\u0131n\u0131 belirterek \u015funlar\u0131 s\u00f6yledi:<br \/>\n<br \/>&#8220;Kapsay\u0131c\u0131 Havac\u0131l\u0131k Projesi (INCLAVI), sekiz \u00fcyeden olu\u015fan bir konsorsiyum taraf\u0131ndan y\u00f6netiliyor: Haaga-Helia University, Stichting Breda UAS, \u00d6zye\u011fin \u00dcniversitesi, Careeria Oy, IATA Espaa SL, Eri\u015filebilir Turizm i\u00e7in Avrupa A\u011f\u0131 ASBL, \u0130GA Havaliman\u0131 \u0130\u015fletmesi ve Ya\u015far \u00dcniversitesi. Proje, Avrupa Birli\u011fi\u2019nin &#8220;Erasmus+ Partnerships for Innovation\/ Yenilik\u00e7ilik i\u00e7in \u0130ttifaklar&#8221; program\u0131 taraf\u0131ndan ortak finanse ediliyor.<br \/>\n<br \/>Projenin amac\u0131; havac\u0131l\u0131k alan\u0131nda \u00f6zel ihtiya\u00e7lar\u0131 veya engelleri ne olursa olsun t\u00fcm hava yolcular\u0131 i\u00e7in sorunsuz ve onurlu yolculuklar sa\u011flamak. Evden eve diye bir kavram var yani engelli bir bireyin evinden seyahate ba\u015flay\u0131p havaalan\u0131na b\u0131rak\u0131lmas\u0131ndan, i\u00e7erideki g\u00fcvenlik ge\u00e7i\u015fine, havaalan\u0131ndaki hizmetler, u\u00e7ak i\u00e7inde sa\u011flanan hizmetler var\u0131\u015f havaalan\u0131nda ve eve d\u00f6nerken ki s\u00fcre\u00e7leri kapsayan 40 mod\u00fcl belirlendi. Bu k\u0131rk noktan\u0131n hepsinde farkl\u0131 engel gruplar\u0131 i\u00e7indeki hizmetlere, u\u00e7u\u015f s\u0131ras\u0131nda ve var\u0131\u015f noktas\u0131ndaki ihtiya\u00e7lar\u0131na kadar her detay\u0131n planlad\u0131\u011f\u0131 ve nas\u0131l davran\u0131lmas\u0131 gerekti\u011fine dair personelin e\u011fitilmesi i\u00e7in bir platform olu\u015fturuldu. E\u011fitim alacaklar\u0131 web tabanl\u0131 bir ortam var. Ayr\u0131ca mobil uygulama olu\u015fturuluyor. 40 mod\u00fcl\u00fcn \u00fcretimleri yap\u0131ld\u0131. Merkez olarak biz e\u011fitim i\u00e7eriklerinin dijitalle\u015ftirilerek \u00f6\u011frenme ortam\u0131na aktar\u0131lmas\u0131ndan sorumluyuz. Uygulamalar\u0131m\u0131z\u0131 pilot \u00e7al\u0131\u015fmalar\u0131n\u0131 proje payda\u015flar\u0131m\u0131zdan olan \u0130stanbul \u0130GA Havaliman\u0131 \u0130\u015fletmesi\u2019nde yap\u0131yoruz.&#8221;<\/p>\n<p>Avrupa\u2019dan akreditasyon<br \/>\n<br \/>Olu\u015fturulan bu e\u011fitim mod\u00fcllerinin ge\u00e7ti\u011fimiz g\u00fcnlerde Avrupa Y\u00f6netim Geli\u015ftirme Vakf\u0131 taraf\u0131ndan 3 y\u0131ll\u0131\u011f\u0131na program akreditasyonu ald\u0131\u011f\u0131n\u0131 belirten Prof. Dr. Yasin \u00d6zarslan, &#8220;Avrupa Y\u00f6netim Geli\u015ftirme Vakf\u0131 (EFMD) taraf\u0131ndan 3 y\u0131ll\u0131k program akreditasyonu ald\u0131k. Sadece havayolu \u015firketlerinin \u00fcye olabildi\u011fi, uluslararas\u0131 bir ticaret kurulu\u015fu olan IATA ile \u00e7al\u0131\u015f\u0131yoruz. Ama\u00e7 olu\u015fturdu\u011fumuz bu kriterlerin uluslararas\u0131 havac\u0131l\u0131k alan\u0131nda kural haline gelmesi. B\u00f6ylece projenin bir\u00e7ok uluslararas\u0131 havaalan\u0131nda uygulanabilir olmas\u0131 i\u00e7in \u00f6nemli bir ad\u0131m at\u0131lm\u0131\u015f oldu&#8221; dedi.<\/p>\n<p>Havac\u0131l\u0131k profesyonelleri faydalanacak<br \/>\n<br \/>Sadece kal\u0131c\u0131 engeli olanlar de\u011fil, bunun yan\u0131 s\u0131ra ge\u00e7ici rahats\u0131zl\u0131\u011f\u0131 olanlar, ya\u015fl\u0131lar yani dezavantajl\u0131 t\u00fcm bireylerin faydalanabilece\u011fini vurgulayan Prof. Dr. \u00d6zarslan, &#8220;INCLAVI, Y\u00fcksek\u00f6\u011fretim Kurumlar\u0131, Mesleki E\u011fitim ve End\u00fcstri akt\u00f6rlerinden bilgi toplayarak havac\u0131l\u0131k sekt\u00f6r\u00fc \u00e7al\u0131\u015fanlar\u0131na yeniden beceri kazand\u0131rmay\u0131 ve engelli yolcular\u0131n u\u00e7tan uca yolculu\u011funda yer alan kilit personeli donatmay\u0131 ama\u00e7l\u0131yor. Bu kapsaml\u0131 e\u011fitim, seyahat acenteleri, havaalanlar\u0131 ve havayollar\u0131ndaki \u00f6\u011frencilere ve profesyonellere hitap edecek&#8221; dedi.<br \/><\/p>\n","protected":false},"excerpt":{"rendered":"<p>Eri\u015filebilir hava yolculu\u011fu i\u00e7in \u00e7al\u0131\u015fmalar y\u00fcr\u00fcten Kapsay\u0131c\u0131 Havac\u0131l\u0131k Projesi\u2019ni (INCLAVI) hayata ge\u00e7iren ve Ya\u015far \u00dcniversitesi\u2019nin de payda\u015f\u0131 oldu\u011fu uluslararas\u0131 konsorsiyum, havac\u0131l\u0131k sekt\u00f6r\u00fcnde engelleri kald\u0131ran proje geli\u015ftirdi. Ya\u015far \u00dcniversitesi A\u00e7\u0131k ve Uzaktan \u00d6\u011frenme Uygulama ve Ara\u015ft\u0131rma Merkezi, havayolu ile seyahat eden engelli bireyler i\u00e7in engelsiz yolculuk deneyimi sunan &#8220;Inclusive Aviation Curriculum&#8221; (Kapsay\u0131c\u0131 Havac\u0131l\u0131k Projesi) i\u00e7in e\u011fitim&#8230;<\/p>\n","protected":false},"author":1,"featured_media":38143,"comment_status":"open","ping_status":"open","sticky":false,"template":"","format":"standard","meta":{"_crdt_document":"","footnotes":""},"categories":[1],"tags":[],"class_list":["post-38142","post","type-post","status-publish","format-standard","has-post-thumbnail","hentry","category-guncel"],"_links":{"self":[{"href":"https:\/\/www.egemtv.com\/index.php?rest_route=\/wp\/v2\/posts\/38142","targetHints":{"allow":["GET"]}}],"collection":[{"href":"https:\/\/www.egemtv.com\/index.php?rest_route=\/wp\/v2\/posts"}],"about":[{"href":"https:\/\/www.egemtv.com\/index.php?rest_route=\/wp\/v2\/types\/post"}],"author":[{"embeddable":true,"href":"https:\/\/www.egemtv.com\/index.php?rest_route=\/wp\/v2\/users\/1"}],"replies":[{"embeddable":true,"href":"https:\/\/www.egemtv.com\/index.php?rest_route=%2Fwp%2Fv2%2Fcomments&post=38142"}],"version-history":[{"count":1,"href":"https:\/\/www.egemtv.com\/index.php?rest_route=\/wp\/v2\/posts\/38142\/revisions"}],"predecessor-version":[{"id":38144,"href":"https:\/\/www.egemtv.com\/index.php?rest_route=\/wp\/v2\/posts\/38142\/revisions\/38144"}],"wp:featuredmedia":[{"embeddable":true,"href":"https:\/\/www.egemtv.com\/index.php?rest_route=\/wp\/v2\/media\/38143"}],"wp:attachment":[{"href":"https:\/\/www.egemtv.com\/index.php?rest_route=%2Fwp%2Fv2%2Fmedia&parent=38142"}],"wp:term":[{"taxonomy":"category","embeddable":true,"href":"https:\/\/www.egemtv.com\/index.php?rest_route=%2Fwp%2Fv2%2Fcategories&post=38142"},{"taxonomy":"post_tag","embeddable":true,"href":"https:\/\/www.egemtv.com\/index.php?rest_route=%2Fwp%2Fv2%2Ftags&post=38142"}],"curies":[{"name":"wp","href":"https:\/\/api.w.org\/{rel}","templated":true}]}}