{"id":38139,"date":"2025-06-27T11:56:42","date_gmt":"2025-06-27T08:56:42","guid":{"rendered":"https:\/\/www.egemtv.com\/?p=38139"},"modified":"2025-06-27T11:56:47","modified_gmt":"2025-06-27T08:56:47","slug":"yerkesik-gasilhanesi-mentese-belediyesi-tarafindan-yenilendi","status":"publish","type":"post","link":"https:\/\/www.egemtv.com\/?p=38139","title":{"rendered":"Yerkesik Gasilhanesi Mente\u015fe Belediyesi taraf\u0131ndan yenilendi"},"content":{"rendered":"<p>Mente\u015fe Belediyesi, Yerkesik Mahallesi\u2019nde bulunan Adli T\u0131p Kurumu Mu\u011fla \u015eube M\u00fcd\u00fcrl\u00fc\u011f\u00fc bah\u00e7esindeki gasilhaneyi ba\u015ftan sona yeniledi.<br \/>\n<br \/>Vatanda\u015flar\u0131n en hassas zamanlar\u0131nda ihtiya\u00e7 duydu\u011fu cenaze hizmetlerinin \u00e7a\u011fda\u015f ve hijyenik \u015fartlarda sunulabilmesi amac\u0131yla ger\u00e7ekle\u015ftirilen \u00e7al\u0131\u015fmalar kapsam\u0131nda; gasilhanenin t\u00fcm s\u0131hhi tesisat\u0131 yenilendi, i\u00e7 ve d\u0131\u015f cephe s\u0131va ve boyama i\u015flemleri tamamland\u0131. Ayr\u0131ca i\u00e7 mek\u00e2nda bulunan seramik kaplamalar de\u011fi\u015ftirilerek, tene\u015fir masas\u0131 da g\u00fcncel standartlara uygun hale getirildi. Tamamlanan \u00e7al\u0131\u015fmalarla birlikte Yerkesik gasilhanesi, modern altyap\u0131s\u0131yla vatanda\u015flara daha sa\u011fl\u0131kl\u0131 ve g\u00fcvenli bir ortamda hizmet vermeye ba\u015flad\u0131.<br \/><\/p>\n","protected":false},"excerpt":{"rendered":"<p>Mente\u015fe Belediyesi, Yerkesik Mahallesi\u2019nde bulunan Adli T\u0131p Kurumu Mu\u011fla \u015eube M\u00fcd\u00fcrl\u00fc\u011f\u00fc bah\u00e7esindeki gasilhaneyi ba\u015ftan sona yeniledi. Vatanda\u015flar\u0131n en hassas zamanlar\u0131nda ihtiya\u00e7 duydu\u011fu cenaze hizmetlerinin \u00e7a\u011fda\u015f ve hijyenik \u015fartlarda sunulabilmesi amac\u0131yla ger\u00e7ekle\u015ftirilen \u00e7al\u0131\u015fmalar kapsam\u0131nda; gasilhanenin t\u00fcm s\u0131hhi tesisat\u0131 yenilendi, i\u00e7 ve d\u0131\u015f cephe s\u0131va ve boyama i\u015flemleri tamamland\u0131. Ayr\u0131ca i\u00e7 mek\u00e2nda bulunan seramik kaplamalar de\u011fi\u015ftirilerek, tene\u015fir&#8230;<\/p>\n","protected":false},"author":1,"featured_media":38140,"comment_status":"open","ping_status":"open","sticky":false,"template":"","format":"standard","meta":{"_crdt_document":"","footnotes":""},"categories":[2],"tags":[],"class_list":["post-38139","post","type-post","status-publish","format-standard","has-post-thumbnail","hentry","category-saglik"],"_links":{"self":[{"href":"https:\/\/www.egemtv.com\/index.php?rest_route=\/wp\/v2\/posts\/38139","targetHints":{"allow":["GET"]}}],"collection":[{"href":"https:\/\/www.egemtv.com\/index.php?rest_route=\/wp\/v2\/posts"}],"about":[{"href":"https:\/\/www.egemtv.com\/index.php?rest_route=\/wp\/v2\/types\/post"}],"author":[{"embeddable":true,"href":"https:\/\/www.egemtv.com\/index.php?rest_route=\/wp\/v2\/users\/1"}],"replies":[{"embeddable":true,"href":"https:\/\/www.egemtv.com\/index.php?rest_route=%2Fwp%2Fv2%2Fcomments&post=38139"}],"version-history":[{"count":1,"href":"https:\/\/www.egemtv.com\/index.php?rest_route=\/wp\/v2\/posts\/38139\/revisions"}],"predecessor-version":[{"id":38141,"href":"https:\/\/www.egemtv.com\/index.php?rest_route=\/wp\/v2\/posts\/38139\/revisions\/38141"}],"wp:featuredmedia":[{"embeddable":true,"href":"https:\/\/www.egemtv.com\/index.php?rest_route=\/wp\/v2\/media\/38140"}],"wp:attachment":[{"href":"https:\/\/www.egemtv.com\/index.php?rest_route=%2Fwp%2Fv2%2Fmedia&parent=38139"}],"wp:term":[{"taxonomy":"category","embeddable":true,"href":"https:\/\/www.egemtv.com\/index.php?rest_route=%2Fwp%2Fv2%2Fcategories&post=38139"},{"taxonomy":"post_tag","embeddable":true,"href":"https:\/\/www.egemtv.com\/index.php?rest_route=%2Fwp%2Fv2%2Ftags&post=38139"}],"curies":[{"name":"wp","href":"https:\/\/api.w.org\/{rel}","templated":true}]}}