{"id":38133,"date":"2025-06-27T11:35:48","date_gmt":"2025-06-27T08:35:48","guid":{"rendered":"https:\/\/www.egemtv.com\/?p=38133"},"modified":"2025-06-27T11:35:52","modified_gmt":"2025-06-27T08:35:52","slug":"mudur-osman-elbir-huzur-ve-guvenin-insasinda-polis-ve-ozel-guvenlik-el-ele","status":"publish","type":"post","link":"https:\/\/www.egemtv.com\/?p=38133","title":{"rendered":"M\u00fcd\u00fcr Osman Elbir: &#8220;Huzur ve g\u00fcvenin in\u015fas\u0131nda polis ve \u00f6zel g\u00fcvenlik el ele&#8221;"},"content":{"rendered":"<p>\u00d6zel G\u00fcvenlik Haftas\u0131 etkinlikleri kapsam\u0131nda K\u00fctahya Dumlup\u0131nar \u00dcniversitesi G\u00fcvenlik M\u00fcd\u00fcr\u00fc Erdal Peker ile kentteki \u00e7e\u015fitli kurumlarda g\u00f6rev yapan \u00f6zel g\u00fcvenlik g\u00f6revlileri, \u0130l Emniyet M\u00fcd\u00fcr\u00fc Osman Elbir\u2019i makam\u0131nda ziyaret etti.<br \/>\n<br \/>Ziyarette, \u0130l Emniyet M\u00fcd\u00fcr\u00fc Osman Elbir, \u00f6zellikle KAAN Projesi kapsam\u0131nda g\u00f6sterdikleri \u00f6zverili \u00e7al\u0131\u015fmalardan dolay\u0131 \u00f6zel g\u00fcvenlik personellerini tebrik ederek, kendilerine te\u015fekk\u00fcr belgeleri takdim etti. Ziyaretten duydu\u011fu memnuniyeti dile getiren Elbir, g\u00fcvenlik hizmetlerinin etkin ve koordineli y\u00fcr\u00fct\u00fclmesinde \u00f6zel g\u00fcvenli\u011fin \u00f6nemli bir paya sahip oldu\u011funu vurgulad\u0131. Ziyaretlerinden dolay\u0131 \u00f6zel g\u00fcvenlik g\u00f6revlilerine te\u015fekk\u00fcr edildi.<br \/><\/p>\n","protected":false},"excerpt":{"rendered":"<p>\u00d6zel G\u00fcvenlik Haftas\u0131 etkinlikleri kapsam\u0131nda K\u00fctahya Dumlup\u0131nar \u00dcniversitesi G\u00fcvenlik M\u00fcd\u00fcr\u00fc Erdal Peker ile kentteki \u00e7e\u015fitli kurumlarda g\u00f6rev yapan \u00f6zel g\u00fcvenlik g\u00f6revlileri, \u0130l Emniyet M\u00fcd\u00fcr\u00fc Osman Elbir\u2019i makam\u0131nda ziyaret etti. Ziyarette, \u0130l Emniyet M\u00fcd\u00fcr\u00fc Osman Elbir, \u00f6zellikle KAAN Projesi kapsam\u0131nda g\u00f6sterdikleri \u00f6zverili \u00e7al\u0131\u015fmalardan dolay\u0131 \u00f6zel g\u00fcvenlik personellerini tebrik ederek, kendilerine te\u015fekk\u00fcr belgeleri takdim etti. Ziyaretten duydu\u011fu&#8230;<\/p>\n","protected":false},"author":1,"featured_media":38134,"comment_status":"open","ping_status":"open","sticky":false,"template":"","format":"standard","meta":{"_crdt_document":"","footnotes":""},"categories":[123],"tags":[],"class_list":["post-38133","post","type-post","status-publish","format-standard","has-post-thumbnail","hentry","category-gundem"],"_links":{"self":[{"href":"https:\/\/www.egemtv.com\/index.php?rest_route=\/wp\/v2\/posts\/38133","targetHints":{"allow":["GET"]}}],"collection":[{"href":"https:\/\/www.egemtv.com\/index.php?rest_route=\/wp\/v2\/posts"}],"about":[{"href":"https:\/\/www.egemtv.com\/index.php?rest_route=\/wp\/v2\/types\/post"}],"author":[{"embeddable":true,"href":"https:\/\/www.egemtv.com\/index.php?rest_route=\/wp\/v2\/users\/1"}],"replies":[{"embeddable":true,"href":"https:\/\/www.egemtv.com\/index.php?rest_route=%2Fwp%2Fv2%2Fcomments&post=38133"}],"version-history":[{"count":1,"href":"https:\/\/www.egemtv.com\/index.php?rest_route=\/wp\/v2\/posts\/38133\/revisions"}],"predecessor-version":[{"id":38135,"href":"https:\/\/www.egemtv.com\/index.php?rest_route=\/wp\/v2\/posts\/38133\/revisions\/38135"}],"wp:featuredmedia":[{"embeddable":true,"href":"https:\/\/www.egemtv.com\/index.php?rest_route=\/wp\/v2\/media\/38134"}],"wp:attachment":[{"href":"https:\/\/www.egemtv.com\/index.php?rest_route=%2Fwp%2Fv2%2Fmedia&parent=38133"}],"wp:term":[{"taxonomy":"category","embeddable":true,"href":"https:\/\/www.egemtv.com\/index.php?rest_route=%2Fwp%2Fv2%2Fcategories&post=38133"},{"taxonomy":"post_tag","embeddable":true,"href":"https:\/\/www.egemtv.com\/index.php?rest_route=%2Fwp%2Fv2%2Ftags&post=38133"}],"curies":[{"name":"wp","href":"https:\/\/api.w.org\/{rel}","templated":true}]}}