{"id":38130,"date":"2025-06-27T11:35:46","date_gmt":"2025-06-27T08:35:46","guid":{"rendered":"https:\/\/www.egemtv.com\/?p=38130"},"modified":"2025-06-27T11:35:48","modified_gmt":"2025-06-27T08:35:48","slug":"vali-musa-isin-sehit-ailelerini-makaminda-agirladi","status":"publish","type":"post","link":"https:\/\/www.egemtv.com\/?p=38130","title":{"rendered":"Vali Musa I\u015f\u0131n, \u015fehit ailelerini makam\u0131nda a\u011f\u0131rlad\u0131"},"content":{"rendered":"<p>K\u00fctahya Valisi Musa I\u015f\u0131n, \u015fehit yak\u0131nlar\u0131n\u0131 makam\u0131nda kabul etti.<br \/>\n<br \/>Ziyarete \u015fehit babalar\u0131 S\u00fcleyman \u00c7elik, Ahmet Aky\u0131ld\u0131z, H\u00fcseyin Y\u0131lmaz ve Sebahattin \u00d6zdemir kat\u0131ld\u0131. \u015eehitleri rahmet ve minnetle and\u0131\u011f\u0131n\u0131 ifade eden Vali I\u015f\u0131n, vatan u\u011fruna canlar\u0131n\u0131 feda eden kahramanlar\u0131n geride b\u0131rakt\u0131klar\u0131 ailelerinin her zaman ba\u015f tac\u0131 oldu\u011funu vurgulad\u0131.<br \/>\n<br \/>Devletin t\u00fcm imk\u00e2nlar\u0131yla \u015fehit ailelerinin yan\u0131nda oldu\u011funu belirten Vali I\u015f\u0131n, &#8220;Onlar\u0131n emaneti bizlere birer kutsal mirast\u0131r&#8221; dedi.<br \/><\/p>\n","protected":false},"excerpt":{"rendered":"<p>K\u00fctahya Valisi Musa I\u015f\u0131n, \u015fehit yak\u0131nlar\u0131n\u0131 makam\u0131nda kabul etti. Ziyarete \u015fehit babalar\u0131 S\u00fcleyman \u00c7elik, Ahmet Aky\u0131ld\u0131z, H\u00fcseyin Y\u0131lmaz ve Sebahattin \u00d6zdemir kat\u0131ld\u0131. \u015eehitleri rahmet ve minnetle and\u0131\u011f\u0131n\u0131 ifade eden Vali I\u015f\u0131n, vatan u\u011fruna canlar\u0131n\u0131 feda eden kahramanlar\u0131n geride b\u0131rakt\u0131klar\u0131 ailelerinin her zaman ba\u015f tac\u0131 oldu\u011funu vurgulad\u0131. Devletin t\u00fcm imk\u00e2nlar\u0131yla \u015fehit ailelerinin yan\u0131nda oldu\u011funu belirten Vali&#8230;<\/p>\n","protected":false},"author":1,"featured_media":38131,"comment_status":"open","ping_status":"open","sticky":false,"template":"","format":"standard","meta":{"_crdt_document":"","footnotes":""},"categories":[123],"tags":[],"class_list":["post-38130","post","type-post","status-publish","format-standard","has-post-thumbnail","hentry","category-gundem"],"_links":{"self":[{"href":"https:\/\/www.egemtv.com\/index.php?rest_route=\/wp\/v2\/posts\/38130","targetHints":{"allow":["GET"]}}],"collection":[{"href":"https:\/\/www.egemtv.com\/index.php?rest_route=\/wp\/v2\/posts"}],"about":[{"href":"https:\/\/www.egemtv.com\/index.php?rest_route=\/wp\/v2\/types\/post"}],"author":[{"embeddable":true,"href":"https:\/\/www.egemtv.com\/index.php?rest_route=\/wp\/v2\/users\/1"}],"replies":[{"embeddable":true,"href":"https:\/\/www.egemtv.com\/index.php?rest_route=%2Fwp%2Fv2%2Fcomments&post=38130"}],"version-history":[{"count":1,"href":"https:\/\/www.egemtv.com\/index.php?rest_route=\/wp\/v2\/posts\/38130\/revisions"}],"predecessor-version":[{"id":38132,"href":"https:\/\/www.egemtv.com\/index.php?rest_route=\/wp\/v2\/posts\/38130\/revisions\/38132"}],"wp:featuredmedia":[{"embeddable":true,"href":"https:\/\/www.egemtv.com\/index.php?rest_route=\/wp\/v2\/media\/38131"}],"wp:attachment":[{"href":"https:\/\/www.egemtv.com\/index.php?rest_route=%2Fwp%2Fv2%2Fmedia&parent=38130"}],"wp:term":[{"taxonomy":"category","embeddable":true,"href":"https:\/\/www.egemtv.com\/index.php?rest_route=%2Fwp%2Fv2%2Fcategories&post=38130"},{"taxonomy":"post_tag","embeddable":true,"href":"https:\/\/www.egemtv.com\/index.php?rest_route=%2Fwp%2Fv2%2Ftags&post=38130"}],"curies":[{"name":"wp","href":"https:\/\/api.w.org\/{rel}","templated":true}]}}