{"id":38127,"date":"2025-06-27T11:35:40","date_gmt":"2025-06-27T08:35:40","guid":{"rendered":"https:\/\/www.egemtv.com\/?p=38127"},"modified":"2025-06-27T11:35:45","modified_gmt":"2025-06-27T08:35:45","slug":"gedizde-manevi-danismanlik-faaliyetleri-mezunlarla-murat-daginda-veda-bulusmasiyla-taclandi","status":"publish","type":"post","link":"https:\/\/www.egemtv.com\/?p=38127","title":{"rendered":"Gediz\u2019de manevi dan\u0131\u015fmanl\u0131k faaliyetleri mezunlarla Murat Da\u011f\u0131nda veda bulu\u015fmas\u0131yla ta\u00e7land\u0131"},"content":{"rendered":"<p>K\u00fctahya\u2019n\u0131n Gediz il\u00e7esinde, \u00fcniversite \u00f6\u011frenimi boyunca manevi dan\u0131\u015fmanl\u0131k faaliyetlerine aktif olarak kat\u0131l\u0131m sa\u011flayan \u00fcniversite \u00f6\u011frencileri i\u00e7in Murat Da\u011f\u0131\u2019nda \u00f6zel bir veda program\u0131 d\u00fczenlendi. Duygu dolu anlara sahne olan bulu\u015fmaya, \u0130l\u00e7e M\u00fcft\u00fcl\u00fc\u011f\u00fc \u015eube M\u00fcd\u00fcr\u00fc Osman Avc\u0131 da kat\u0131larak \u00f6\u011frencilerle hasbihal etti.<br \/>\n<br \/>Program, \u00f6\u011frencilerin hem akademik hem de manevi geli\u015fimlerine katk\u0131 sa\u011flayan bu s\u00fcre\u00e7teki deneyimlerini payla\u015ft\u0131klar\u0131 ve mezuniyet \u00f6ncesi vedala\u015ft\u0131klar\u0131 anlaml\u0131 bir platform oldu.<br \/>\n<br \/>\u015eube M\u00fcd\u00fcr\u00fc Osman Avc\u0131, veda bulu\u015fmas\u0131nda yapt\u0131\u011f\u0131 konu\u015fmada, Diyanet \u0130\u015fleri Ba\u015fkanl\u0131\u011f\u0131 ve Gen\u00e7lik Spor Bakanl\u0131\u011f\u0131 ile imzalanan protokol kapsam\u0131nda KYK yurtlar\u0131nda manevi dan\u0131\u015fman g\u00f6revlendirdiklerini belirtti. Avc\u0131, bu dan\u0131\u015fmanlar\u0131n \u00f6\u011frencilerle kurdu\u011fu \u00f6zel ba\u011fa vurgu yaparak \u015funlar\u0131 ifade etti:<br \/>\n<br \/>&#8220;G\u00f6revlendirdi\u011fimiz personelimiz yeri geliyor \u00f6\u011frencilerimiz ile anne baba yak\u0131nl\u0131\u011f\u0131, yeri geliyor bir arkada\u015f yak\u0131nl\u0131\u011f\u0131 kuruyor. Bug\u00fcn \u00fcniversite \u00f6\u011frenimi ba\u015flad\u0131\u011f\u0131 g\u00fcnden bu yana Manevi Dan\u0131\u015fman Sabriye hocam\u0131zla birlikte olan \u00fcniversite \u00f6\u011frencilerimiz ile beraberiz. Sevin\u00e7le h\u00fcz\u00fcn bir arada ya\u015f\u0131yoruz. \u0130n\u015fallah hem akademik hem de milli manevi y\u00f6nden donan\u0131m kazanan bu gen\u00e7lerimiz, in\u015fallah \u00fclkemize g\u00fczel hizmetler yapacaklar. Rabbim gelecek hayatlar\u0131nda ba\u015far\u0131lar ihsan eylesin.&#8221;<br \/>\n<br \/>Avc\u0131 ayr\u0131ca, \u00f6\u011frencilere fedakarca rehberlik eden Manevi Dan\u0131\u015fman Sabriye Gen\u00e7kal Fidan ve faaliyetlere kat\u0131l\u0131m sa\u011flayan t\u00fcm \u00f6\u011frencilere te\u015fekk\u00fcr etti. Gen\u00e7lik \u00e7al\u0131\u015fmalar\u0131na her daim desteklerini esirgemeyen Gediz Belediye Ba\u015fkan\u0131 Necdet Akel\u2019e de \u015f\u00fckranlar\u0131n\u0131 sundu\u011funu s\u00f6zlerine ekledi.<br \/><\/p>\n","protected":false},"excerpt":{"rendered":"<p>K\u00fctahya\u2019n\u0131n Gediz il\u00e7esinde, \u00fcniversite \u00f6\u011frenimi boyunca manevi dan\u0131\u015fmanl\u0131k faaliyetlerine aktif olarak kat\u0131l\u0131m sa\u011flayan \u00fcniversite \u00f6\u011frencileri i\u00e7in Murat Da\u011f\u0131\u2019nda \u00f6zel bir veda program\u0131 d\u00fczenlendi. Duygu dolu anlara sahne olan bulu\u015fmaya, \u0130l\u00e7e M\u00fcft\u00fcl\u00fc\u011f\u00fc \u015eube M\u00fcd\u00fcr\u00fc Osman Avc\u0131 da kat\u0131larak \u00f6\u011frencilerle hasbihal etti. Program, \u00f6\u011frencilerin hem akademik hem de manevi geli\u015fimlerine katk\u0131 sa\u011flayan bu s\u00fcre\u00e7teki deneyimlerini payla\u015ft\u0131klar\u0131 ve&#8230;<\/p>\n","protected":false},"author":1,"featured_media":38128,"comment_status":"open","ping_status":"open","sticky":false,"template":"","format":"standard","meta":{"_crdt_document":"","footnotes":""},"categories":[123],"tags":[],"class_list":["post-38127","post","type-post","status-publish","format-standard","has-post-thumbnail","hentry","category-gundem"],"_links":{"self":[{"href":"https:\/\/www.egemtv.com\/index.php?rest_route=\/wp\/v2\/posts\/38127","targetHints":{"allow":["GET"]}}],"collection":[{"href":"https:\/\/www.egemtv.com\/index.php?rest_route=\/wp\/v2\/posts"}],"about":[{"href":"https:\/\/www.egemtv.com\/index.php?rest_route=\/wp\/v2\/types\/post"}],"author":[{"embeddable":true,"href":"https:\/\/www.egemtv.com\/index.php?rest_route=\/wp\/v2\/users\/1"}],"replies":[{"embeddable":true,"href":"https:\/\/www.egemtv.com\/index.php?rest_route=%2Fwp%2Fv2%2Fcomments&post=38127"}],"version-history":[{"count":1,"href":"https:\/\/www.egemtv.com\/index.php?rest_route=\/wp\/v2\/posts\/38127\/revisions"}],"predecessor-version":[{"id":38129,"href":"https:\/\/www.egemtv.com\/index.php?rest_route=\/wp\/v2\/posts\/38127\/revisions\/38129"}],"wp:featuredmedia":[{"embeddable":true,"href":"https:\/\/www.egemtv.com\/index.php?rest_route=\/wp\/v2\/media\/38128"}],"wp:attachment":[{"href":"https:\/\/www.egemtv.com\/index.php?rest_route=%2Fwp%2Fv2%2Fmedia&parent=38127"}],"wp:term":[{"taxonomy":"category","embeddable":true,"href":"https:\/\/www.egemtv.com\/index.php?rest_route=%2Fwp%2Fv2%2Fcategories&post=38127"},{"taxonomy":"post_tag","embeddable":true,"href":"https:\/\/www.egemtv.com\/index.php?rest_route=%2Fwp%2Fv2%2Ftags&post=38127"}],"curies":[{"name":"wp","href":"https:\/\/api.w.org\/{rel}","templated":true}]}}