{"id":38124,"date":"2025-06-27T11:35:36","date_gmt":"2025-06-27T08:35:36","guid":{"rendered":"https:\/\/www.egemtv.com\/?p=38124"},"modified":"2025-06-27T11:35:40","modified_gmt":"2025-06-27T08:35:40","slug":"efelerden-calindi-germencikte-bulundu","status":"publish","type":"post","link":"https:\/\/www.egemtv.com\/?p=38124","title":{"rendered":"Efeler\u2019den \u00e7al\u0131nd\u0131, Germencik\u2019te bulundu"},"content":{"rendered":"<p>Ayd\u0131n\u2019\u0131n Germencik il\u00e7esinde \u015f\u00fcphe \u00fczerine durdurulan motosikletin Efeler il\u00e7esinden \u00e7al\u0131nd\u0131\u011f\u0131 ortaya \u00e7\u0131kt\u0131.<\/p>\n<p>Germencik \u0130l\u00e7e Jandarma Komutanl\u0131\u011f\u0131 Jandarma Motorlu Asayi\u015f Timi taraf\u0131ndan Germencik il\u00e7esi Balat\u00e7\u0131k Mahallesinde icra edilen devriye esnas\u0131nda \u015f\u00fcphe \u00fczerine O.Y. isimli \u015fahs\u0131n s\u00fcr\u00fcc\u00fcl\u00fc\u011f\u00fcn\u00fc yapt\u0131\u011f\u0131 plakas\u0131z motosiklet durduruldu. Motosikletin yap\u0131lan sorgusunda Efeler il\u00e7esi merkezinden \u00e7al\u0131nd\u0131\u011f\u0131 tespit edildi. Motosiklet i\u015flemlerinin ard\u0131ndan ruhsat sahibine teslim edilirken olayla ilgili adli s\u00fcrecin devam etti\u011fi \u00f6\u011frenildi.<br \/><\/p>\n","protected":false},"excerpt":{"rendered":"<p>Ayd\u0131n\u2019\u0131n Germencik il\u00e7esinde \u015f\u00fcphe \u00fczerine durdurulan motosikletin Efeler il\u00e7esinden \u00e7al\u0131nd\u0131\u011f\u0131 ortaya \u00e7\u0131kt\u0131. Germencik \u0130l\u00e7e Jandarma Komutanl\u0131\u011f\u0131 Jandarma Motorlu Asayi\u015f Timi taraf\u0131ndan Germencik il\u00e7esi Balat\u00e7\u0131k Mahallesinde icra edilen devriye esnas\u0131nda \u015f\u00fcphe \u00fczerine O.Y. isimli \u015fahs\u0131n s\u00fcr\u00fcc\u00fcl\u00fc\u011f\u00fcn\u00fc yapt\u0131\u011f\u0131 plakas\u0131z motosiklet durduruldu. Motosikletin yap\u0131lan sorgusunda Efeler il\u00e7esi merkezinden \u00e7al\u0131nd\u0131\u011f\u0131 tespit edildi. Motosiklet i\u015flemlerinin ard\u0131ndan ruhsat sahibine teslim edilirken&#8230;<\/p>\n","protected":false},"author":1,"featured_media":38125,"comment_status":"open","ping_status":"open","sticky":false,"template":"","format":"standard","meta":{"_crdt_document":"","footnotes":""},"categories":[5],"tags":[],"class_list":["post-38124","post","type-post","status-publish","format-standard","has-post-thumbnail","hentry","category-asayis"],"_links":{"self":[{"href":"https:\/\/www.egemtv.com\/index.php?rest_route=\/wp\/v2\/posts\/38124","targetHints":{"allow":["GET"]}}],"collection":[{"href":"https:\/\/www.egemtv.com\/index.php?rest_route=\/wp\/v2\/posts"}],"about":[{"href":"https:\/\/www.egemtv.com\/index.php?rest_route=\/wp\/v2\/types\/post"}],"author":[{"embeddable":true,"href":"https:\/\/www.egemtv.com\/index.php?rest_route=\/wp\/v2\/users\/1"}],"replies":[{"embeddable":true,"href":"https:\/\/www.egemtv.com\/index.php?rest_route=%2Fwp%2Fv2%2Fcomments&post=38124"}],"version-history":[{"count":1,"href":"https:\/\/www.egemtv.com\/index.php?rest_route=\/wp\/v2\/posts\/38124\/revisions"}],"predecessor-version":[{"id":38126,"href":"https:\/\/www.egemtv.com\/index.php?rest_route=\/wp\/v2\/posts\/38124\/revisions\/38126"}],"wp:featuredmedia":[{"embeddable":true,"href":"https:\/\/www.egemtv.com\/index.php?rest_route=\/wp\/v2\/media\/38125"}],"wp:attachment":[{"href":"https:\/\/www.egemtv.com\/index.php?rest_route=%2Fwp%2Fv2%2Fmedia&parent=38124"}],"wp:term":[{"taxonomy":"category","embeddable":true,"href":"https:\/\/www.egemtv.com\/index.php?rest_route=%2Fwp%2Fv2%2Fcategories&post=38124"},{"taxonomy":"post_tag","embeddable":true,"href":"https:\/\/www.egemtv.com\/index.php?rest_route=%2Fwp%2Fv2%2Ftags&post=38124"}],"curies":[{"name":"wp","href":"https:\/\/api.w.org\/{rel}","templated":true}]}}