{"id":38121,"date":"2025-06-27T11:15:50","date_gmt":"2025-06-27T08:15:50","guid":{"rendered":"https:\/\/www.egemtv.com\/?p=38121"},"modified":"2025-06-27T11:15:55","modified_gmt":"2025-06-27T08:15:55","slug":"milletvekili-un-iklim-kanunu-ciftciye-besiciye-darbe-vuracak","status":"publish","type":"post","link":"https:\/\/www.egemtv.com\/?p=38121","title":{"rendered":"Milletvekili \u00dcn; &#8220;\u0130klim kanunu \u00e7ift\u00e7iye, besiciye darbe vuracak&#8221;"},"content":{"rendered":"<p>Gelecek Partisi Denizli Milletvekili Sema Silkin \u00dcn, TBMM k\u00fcrs\u00fcs\u00fcnde yapt\u0131\u011f\u0131 konu\u015fmada \u0130klim Kanunu Teklifini ele\u015ftirerek, &#8220;Bu sistem, k\u00fc\u00e7\u00fck \u00fcreticiyi ya \u00fcretimden \u00e7ekecek ya da kay\u0131t d\u0131\u015f\u0131 \u00fcretime zorlayacak. Metan gaz\u0131 sal\u0131m\u0131 bahanesiyle hayvanc\u0131l\u0131\u011f\u0131 daha da k\u00f6\u015feye s\u0131k\u0131\u015ft\u0131racaklar&#8221; dedi.<\/p>\n<p>T\u00fcrkiye B\u00fcy\u00fck Millet Meclisi\u2019nde yeniden g\u00fcndeme al\u0131nan \u0130klim Kanunu Teklifi, Gelecek Partisi Denizli Milletvekili Sema Silkin \u00dcn\u2019\u00fcn sert ele\u015ftirilerine hedef oldu. Milletvekili \u00dcn, kanun teklifinin esas amac\u0131n\u0131n \u00e7evreyi korumak de\u011fil, b\u00fcy\u00fck sermayeyi kollamak ve k\u00fc\u00e7\u00fck \u00fcreticiyi sistem d\u0131\u015f\u0131na itmek oldu\u011funu ileri s\u00fcrd\u00fc. Meclis k\u00fcrs\u00fcs\u00fcnden konu\u015fan \u00dcn, &#8220;Feraset sahibi milletimizin tepkisiyle geri \u00e7ekilen d\u00fczenleme, sava\u015f g\u00fcndeminin g\u00f6lgesinde yeniden getirildi. Bu bir \u00e7evre kanunu de\u011fildir; bu karbon ticareti yasas\u0131d\u0131r. Bu, bir iklim kanunu de\u011fil, milletin iradesine karbon etiketi yap\u0131\u015ft\u0131rma yasas\u0131d\u0131r&#8221; dedi.<\/p>\n<p>Kanun teklifinin k\u00fc\u00e7\u00fck \u00fcreticilere y\u00f6nelik etkilerine de de\u011finen milletvekili \u00dcn, karbon sal\u0131m haklar\u0131n\u0131n paraya d\u00f6n\u00fc\u015ft\u00fcr\u00fclmesiyle ortaya \u00e7\u0131kacak yeni sistemin b\u00fcy\u00fck \u00fcreticileri avantajl\u0131 hale getirece\u011fine dikkat \u00e7ekti. \u00dcn, &#8220;Bu sistem, k\u00fc\u00e7\u00fck \u00fcreticiyi ya \u00fcretimden \u00e7ekecek ya da kay\u0131t d\u0131\u015f\u0131 \u00fcretime zorlayacak. Anadolu\u2019nun binlerce y\u0131ll\u0131k tar\u0131m haf\u0131zas\u0131 yok say\u0131l\u0131yor. Domates eken, biber yeti\u015ftiren sadece \u00e7ift\u00e7i de\u011fil; o insanlar bizim tar\u0131m belle\u011fimiz&#8221; diye konu\u015ftu.<\/p>\n<p>&#8220;Gazze bombalan\u0131rken do\u011fa dersi vermeyin&#8221;<br \/>\n<br \/>\u00dcn, Bat\u0131\u2019dan gelen \u00e7evre politikas\u0131 taleplerini de ele\u015ftirerek, &#8220;Gazze enkaz alt\u0131ndayken bize \u00e7evre dersi vermeye kalkmay\u0131n. Do\u011fay\u0131 koruyal\u0131m diyorsan\u0131z \u00f6nce insanl\u0131\u011f\u0131 koruyun&#8221; dedi. Yutak alanlar\u0131n korunmas\u0131 i\u00e7in bakanl\u0131\u011fa yetki verilmesini de &#8220;samimiyetsiz&#8221; bulan \u00dcn, ormanlara otel, maden ve santral izinleri verilirken nas\u0131l bir korumadan s\u00f6z edilebilece\u011fini sordu.<\/p>\n<p>Hayvanc\u0131l\u0131k sekt\u00f6r\u00fcn\u00fcn de tehlike alt\u0131nda oldu\u011funu \u00f6ne s\u00fcren \u00dcn, &#8220;Metan gaz\u0131 sal\u0131m\u0131 bahanesiyle hayvanc\u0131l\u0131\u011f\u0131 daha da k\u00f6\u015feye s\u0131k\u0131\u015ft\u0131racaklar. Zaten zor durumda olan \u00e7ift\u00e7iye bir darbe daha vuruluyor&#8221; dedi. Karbon ayak izi kavram\u0131na da dikkat \u00e7eken milletvekili \u00dcn, bunun bir petrol \u015firketinin halkla ili\u015fkiler kampanyas\u0131ndan do\u011fdu\u011funu hat\u0131rlatarak, &#8220;Petrol\u00fc onlar d\u00f6k\u00fcyor, su\u00e7u bize y\u00fckl\u00fcyorlar. D\u00fcnyadaki karbon sal\u0131m\u0131n\u0131n y\u00fczde 70\u2019inden sadece 100 \u015firket sorumlu. Ama faturay\u0131 halka kesiyorlar. Bu yasa bug\u00fcn karbonu \u00f6l\u00e7mek i\u00e7in \u00e7\u0131kar\u0131l\u0131yor, yar\u0131n halk\u0131n nefesini \u00f6l\u00e7mek i\u00e7in. Bu kanunu geri \u00e7ekin. Aksi takdirde bu milletin topra\u011f\u0131 da tarihi de sizi ah ederek anacak&#8221; ifadelerini kulland\u0131.<br \/><\/p>\n","protected":false},"excerpt":{"rendered":"<p>Gelecek Partisi Denizli Milletvekili Sema Silkin \u00dcn, TBMM k\u00fcrs\u00fcs\u00fcnde yapt\u0131\u011f\u0131 konu\u015fmada \u0130klim Kanunu Teklifini ele\u015ftirerek, &#8220;Bu sistem, k\u00fc\u00e7\u00fck \u00fcreticiyi ya \u00fcretimden \u00e7ekecek ya da kay\u0131t d\u0131\u015f\u0131 \u00fcretime zorlayacak. Metan gaz\u0131 sal\u0131m\u0131 bahanesiyle hayvanc\u0131l\u0131\u011f\u0131 daha da k\u00f6\u015feye s\u0131k\u0131\u015ft\u0131racaklar&#8221; dedi. T\u00fcrkiye B\u00fcy\u00fck Millet Meclisi\u2019nde yeniden g\u00fcndeme al\u0131nan \u0130klim Kanunu Teklifi, Gelecek Partisi Denizli Milletvekili Sema Silkin \u00dcn\u2019\u00fcn&#8230;<\/p>\n","protected":false},"author":1,"featured_media":38122,"comment_status":"open","ping_status":"open","sticky":false,"template":"","format":"standard","meta":{"_crdt_document":"","footnotes":""},"categories":[127],"tags":[],"class_list":["post-38121","post","type-post","status-publish","format-standard","has-post-thumbnail","hentry","category-siyaset"],"_links":{"self":[{"href":"https:\/\/www.egemtv.com\/index.php?rest_route=\/wp\/v2\/posts\/38121","targetHints":{"allow":["GET"]}}],"collection":[{"href":"https:\/\/www.egemtv.com\/index.php?rest_route=\/wp\/v2\/posts"}],"about":[{"href":"https:\/\/www.egemtv.com\/index.php?rest_route=\/wp\/v2\/types\/post"}],"author":[{"embeddable":true,"href":"https:\/\/www.egemtv.com\/index.php?rest_route=\/wp\/v2\/users\/1"}],"replies":[{"embeddable":true,"href":"https:\/\/www.egemtv.com\/index.php?rest_route=%2Fwp%2Fv2%2Fcomments&post=38121"}],"version-history":[{"count":1,"href":"https:\/\/www.egemtv.com\/index.php?rest_route=\/wp\/v2\/posts\/38121\/revisions"}],"predecessor-version":[{"id":38123,"href":"https:\/\/www.egemtv.com\/index.php?rest_route=\/wp\/v2\/posts\/38121\/revisions\/38123"}],"wp:featuredmedia":[{"embeddable":true,"href":"https:\/\/www.egemtv.com\/index.php?rest_route=\/wp\/v2\/media\/38122"}],"wp:attachment":[{"href":"https:\/\/www.egemtv.com\/index.php?rest_route=%2Fwp%2Fv2%2Fmedia&parent=38121"}],"wp:term":[{"taxonomy":"category","embeddable":true,"href":"https:\/\/www.egemtv.com\/index.php?rest_route=%2Fwp%2Fv2%2Fcategories&post=38121"},{"taxonomy":"post_tag","embeddable":true,"href":"https:\/\/www.egemtv.com\/index.php?rest_route=%2Fwp%2Fv2%2Ftags&post=38121"}],"curies":[{"name":"wp","href":"https:\/\/api.w.org\/{rel}","templated":true}]}}