{"id":38118,"date":"2025-06-27T11:15:45","date_gmt":"2025-06-27T08:15:45","guid":{"rendered":"https:\/\/www.egemtv.com\/?p=38118"},"modified":"2025-06-27T11:15:50","modified_gmt":"2025-06-27T08:15:50","slug":"emekli-demiryolu-iscileri-valiye-demiryollarinin-tarihsel-surecini-anlatti","status":"publish","type":"post","link":"https:\/\/www.egemtv.com\/?p=38118","title":{"rendered":"Emekli demiryolu i\u015f\u00e7ileri valiye demiryollar\u0131n\u0131n tarihsel s\u00fcrecini anlatt\u0131"},"content":{"rendered":"<p>Afyonkarahisar\u2019da emekli demiryolu i\u015f\u00e7ileri Vali Do\u00e7. Dr. K\u00fcbra G\u00fcran Yi\u011fitba\u015f\u0131\u2019na demiryollar\u0131n\u0131n tarihsel s\u00fcreci ve kuruma emek veren \u00e7al\u0131\u015fanlar\u0131n birikimlerini aktard\u0131.<br \/>\n<br \/>Vali Yi\u011fitba\u015f\u0131, T\u00fcrkiye Cumhuriyeti Devlet Demiryollar\u0131 Emeklileri Sosyal Yard\u0131mla\u015fma Derne\u011fi\u2019ni ziyaret etti. Samimi bir ortamda ger\u00e7ekle\u015fen ziyarette, dernek ba\u015fkan\u0131 ve \u00fcyeler, Devlet Demiryollar\u0131\u2019n\u0131n tarihsel s\u00fcreci ve kuruma emek veren \u00e7al\u0131\u015fanlar\u0131n birikimlerini aktard\u0131. Vali Yi\u011fitba\u015f\u0131, dernek \u00fcyelerinin talep ve \u00f6nerilerini dinleyerek kendilerine te\u015fekk\u00fcr etti.<br \/><\/p>\n","protected":false},"excerpt":{"rendered":"<p>Afyonkarahisar\u2019da emekli demiryolu i\u015f\u00e7ileri Vali Do\u00e7. Dr. K\u00fcbra G\u00fcran Yi\u011fitba\u015f\u0131\u2019na demiryollar\u0131n\u0131n tarihsel s\u00fcreci ve kuruma emek veren \u00e7al\u0131\u015fanlar\u0131n birikimlerini aktard\u0131. Vali Yi\u011fitba\u015f\u0131, T\u00fcrkiye Cumhuriyeti Devlet Demiryollar\u0131 Emeklileri Sosyal Yard\u0131mla\u015fma Derne\u011fi\u2019ni ziyaret etti. Samimi bir ortamda ger\u00e7ekle\u015fen ziyarette, dernek ba\u015fkan\u0131 ve \u00fcyeler, Devlet Demiryollar\u0131\u2019n\u0131n tarihsel s\u00fcreci ve kuruma emek veren \u00e7al\u0131\u015fanlar\u0131n birikimlerini aktard\u0131. Vali Yi\u011fitba\u015f\u0131, dernek&#8230;<\/p>\n","protected":false},"author":1,"featured_media":38119,"comment_status":"open","ping_status":"open","sticky":false,"template":"","format":"standard","meta":{"_crdt_document":"","footnotes":""},"categories":[1],"tags":[],"class_list":["post-38118","post","type-post","status-publish","format-standard","has-post-thumbnail","hentry","category-guncel"],"_links":{"self":[{"href":"https:\/\/www.egemtv.com\/index.php?rest_route=\/wp\/v2\/posts\/38118","targetHints":{"allow":["GET"]}}],"collection":[{"href":"https:\/\/www.egemtv.com\/index.php?rest_route=\/wp\/v2\/posts"}],"about":[{"href":"https:\/\/www.egemtv.com\/index.php?rest_route=\/wp\/v2\/types\/post"}],"author":[{"embeddable":true,"href":"https:\/\/www.egemtv.com\/index.php?rest_route=\/wp\/v2\/users\/1"}],"replies":[{"embeddable":true,"href":"https:\/\/www.egemtv.com\/index.php?rest_route=%2Fwp%2Fv2%2Fcomments&post=38118"}],"version-history":[{"count":1,"href":"https:\/\/www.egemtv.com\/index.php?rest_route=\/wp\/v2\/posts\/38118\/revisions"}],"predecessor-version":[{"id":38120,"href":"https:\/\/www.egemtv.com\/index.php?rest_route=\/wp\/v2\/posts\/38118\/revisions\/38120"}],"wp:featuredmedia":[{"embeddable":true,"href":"https:\/\/www.egemtv.com\/index.php?rest_route=\/wp\/v2\/media\/38119"}],"wp:attachment":[{"href":"https:\/\/www.egemtv.com\/index.php?rest_route=%2Fwp%2Fv2%2Fmedia&parent=38118"}],"wp:term":[{"taxonomy":"category","embeddable":true,"href":"https:\/\/www.egemtv.com\/index.php?rest_route=%2Fwp%2Fv2%2Fcategories&post=38118"},{"taxonomy":"post_tag","embeddable":true,"href":"https:\/\/www.egemtv.com\/index.php?rest_route=%2Fwp%2Fv2%2Ftags&post=38118"}],"curies":[{"name":"wp","href":"https:\/\/api.w.org\/{rel}","templated":true}]}}