{"id":38115,"date":"2025-06-27T11:15:41","date_gmt":"2025-06-27T08:15:41","guid":{"rendered":"https:\/\/www.egemtv.com\/?p=38115"},"modified":"2025-06-27T11:15:45","modified_gmt":"2025-06-27T08:15:45","slug":"aydinda-uyusturucu-operasyonu-8-supheli-yakalandi","status":"publish","type":"post","link":"https:\/\/www.egemtv.com\/?p=38115","title":{"rendered":"Ayd\u0131n\u2019da uyu\u015fturucu operasyonu: 8 \u015f\u00fcpheli yakaland\u0131"},"content":{"rendered":"<p>Ayd\u0131n\u2019da jandarma ekipleri taraf\u0131ndan yap\u0131lan uyu\u015fturucu ile m\u00fccadele \u00e7al\u0131\u015fmalar\u0131nda 8 \u015f\u00fcpheliyi yakalad\u0131.<br \/>\n<br \/>Ayd\u0131n \u0130l Jandarma Komutanl\u0131\u011f\u0131 KOM \u015eube M\u00fcd\u00fcrl\u00fc\u011f\u00fc koordinesinde Ayd\u0131n il\u00e7elerinde uyu\u015fturucu sat\u0131c\u0131 ve kullan\u0131c\u0131lar\u0131na y\u00f6nelik icra edilen faaliyette 8 \u015f\u00fcpheli yakaland\u0131. Faaliyet sonucunda, 16 adet sentetik hap ele ge\u00e7irildi. Yakalanan \u015f\u00fcpheliler hakk\u0131nda adli s\u00fcrecin devam etti\u011fi \u00f6\u011frenildi.<br \/><\/p>\n","protected":false},"excerpt":{"rendered":"<p>Ayd\u0131n\u2019da jandarma ekipleri taraf\u0131ndan yap\u0131lan uyu\u015fturucu ile m\u00fccadele \u00e7al\u0131\u015fmalar\u0131nda 8 \u015f\u00fcpheliyi yakalad\u0131. Ayd\u0131n \u0130l Jandarma Komutanl\u0131\u011f\u0131 KOM \u015eube M\u00fcd\u00fcrl\u00fc\u011f\u00fc koordinesinde Ayd\u0131n il\u00e7elerinde uyu\u015fturucu sat\u0131c\u0131 ve kullan\u0131c\u0131lar\u0131na y\u00f6nelik icra edilen faaliyette 8 \u015f\u00fcpheli yakaland\u0131. Faaliyet sonucunda, 16 adet sentetik hap ele ge\u00e7irildi. Yakalanan \u015f\u00fcpheliler hakk\u0131nda adli s\u00fcrecin devam etti\u011fi \u00f6\u011frenildi.<\/p>\n","protected":false},"author":1,"featured_media":38116,"comment_status":"open","ping_status":"open","sticky":false,"template":"","format":"standard","meta":{"_crdt_document":"","footnotes":""},"categories":[5],"tags":[],"class_list":["post-38115","post","type-post","status-publish","format-standard","has-post-thumbnail","hentry","category-asayis"],"_links":{"self":[{"href":"https:\/\/www.egemtv.com\/index.php?rest_route=\/wp\/v2\/posts\/38115","targetHints":{"allow":["GET"]}}],"collection":[{"href":"https:\/\/www.egemtv.com\/index.php?rest_route=\/wp\/v2\/posts"}],"about":[{"href":"https:\/\/www.egemtv.com\/index.php?rest_route=\/wp\/v2\/types\/post"}],"author":[{"embeddable":true,"href":"https:\/\/www.egemtv.com\/index.php?rest_route=\/wp\/v2\/users\/1"}],"replies":[{"embeddable":true,"href":"https:\/\/www.egemtv.com\/index.php?rest_route=%2Fwp%2Fv2%2Fcomments&post=38115"}],"version-history":[{"count":1,"href":"https:\/\/www.egemtv.com\/index.php?rest_route=\/wp\/v2\/posts\/38115\/revisions"}],"predecessor-version":[{"id":38117,"href":"https:\/\/www.egemtv.com\/index.php?rest_route=\/wp\/v2\/posts\/38115\/revisions\/38117"}],"wp:featuredmedia":[{"embeddable":true,"href":"https:\/\/www.egemtv.com\/index.php?rest_route=\/wp\/v2\/media\/38116"}],"wp:attachment":[{"href":"https:\/\/www.egemtv.com\/index.php?rest_route=%2Fwp%2Fv2%2Fmedia&parent=38115"}],"wp:term":[{"taxonomy":"category","embeddable":true,"href":"https:\/\/www.egemtv.com\/index.php?rest_route=%2Fwp%2Fv2%2Fcategories&post=38115"},{"taxonomy":"post_tag","embeddable":true,"href":"https:\/\/www.egemtv.com\/index.php?rest_route=%2Fwp%2Fv2%2Ftags&post=38115"}],"curies":[{"name":"wp","href":"https:\/\/api.w.org\/{rel}","templated":true}]}}