{"id":38112,"date":"2025-06-27T11:15:36","date_gmt":"2025-06-27T08:15:36","guid":{"rendered":"https:\/\/www.egemtv.com\/?p=38112"},"modified":"2025-06-27T11:15:41","modified_gmt":"2025-06-27T08:15:41","slug":"jandarmadan-sivil-denetim","status":"publish","type":"post","link":"https:\/\/www.egemtv.com\/?p=38112","title":{"rendered":"Jandarmadan sivil denetim"},"content":{"rendered":"<p>Ayd\u0131n\u2019\u0131n Nazilli il\u00e7esinde jandarma ekipleri sivil denetimlerini s\u00fcrd\u00fcr\u00fcyor.<\/p>\n<p>Nazilli \u0130l\u00e7e Jandarma Komutanl\u0131\u011f\u0131 Trafik Jandarmas\u0131 taraf\u0131ndan toplu ta\u015f\u0131ma ara\u00e7lar\u0131n\u0131n kar\u0131\u015fm\u0131\u015f oldu\u011fu trafik kazalar\u0131n\u0131n \u00f6nlenmesi amac\u0131yla Nazilli-Yenipazar il\u00e7esi yol g\u00fczerg\u00e2h\u0131nda ta\u015f\u0131mac\u0131l\u0131k yapan \u015fehir i\u00e7i-\u015fehir d\u0131\u015f\u0131 ara\u00e7lara sivil Jandarma personel taraf\u0131ndan belli bir noktadan binilerek \u015fof\u00f6r ve yolcular denetlendi. Sivil g\u00f6revli personel ve kontrol noktas\u0131nda bulunan ekipler taraf\u0131ndan ara\u00e7 kontrol edilerek k\u0131rm\u0131z\u0131 \u0131\u015f\u0131kta ge\u00e7en s\u00fcr\u00fcc\u00fcye 2 bin 167 TL idari trafik cezas\u0131 uyguland\u0131. Yol kullan\u0131c\u0131lar\u0131na trafik kurallar\u0131 hakk\u0131nda bilgilendirme yap\u0131ld\u0131.<br \/><\/p>\n","protected":false},"excerpt":{"rendered":"<p>Ayd\u0131n\u2019\u0131n Nazilli il\u00e7esinde jandarma ekipleri sivil denetimlerini s\u00fcrd\u00fcr\u00fcyor. Nazilli \u0130l\u00e7e Jandarma Komutanl\u0131\u011f\u0131 Trafik Jandarmas\u0131 taraf\u0131ndan toplu ta\u015f\u0131ma ara\u00e7lar\u0131n\u0131n kar\u0131\u015fm\u0131\u015f oldu\u011fu trafik kazalar\u0131n\u0131n \u00f6nlenmesi amac\u0131yla Nazilli-Yenipazar il\u00e7esi yol g\u00fczerg\u00e2h\u0131nda ta\u015f\u0131mac\u0131l\u0131k yapan \u015fehir i\u00e7i-\u015fehir d\u0131\u015f\u0131 ara\u00e7lara sivil Jandarma personel taraf\u0131ndan belli bir noktadan binilerek \u015fof\u00f6r ve yolcular denetlendi. Sivil g\u00f6revli personel ve kontrol noktas\u0131nda bulunan ekipler taraf\u0131ndan&#8230;<\/p>\n","protected":false},"author":1,"featured_media":38113,"comment_status":"open","ping_status":"open","sticky":false,"template":"","format":"standard","meta":{"_crdt_document":"","footnotes":""},"categories":[5],"tags":[],"class_list":["post-38112","post","type-post","status-publish","format-standard","has-post-thumbnail","hentry","category-asayis"],"_links":{"self":[{"href":"https:\/\/www.egemtv.com\/index.php?rest_route=\/wp\/v2\/posts\/38112","targetHints":{"allow":["GET"]}}],"collection":[{"href":"https:\/\/www.egemtv.com\/index.php?rest_route=\/wp\/v2\/posts"}],"about":[{"href":"https:\/\/www.egemtv.com\/index.php?rest_route=\/wp\/v2\/types\/post"}],"author":[{"embeddable":true,"href":"https:\/\/www.egemtv.com\/index.php?rest_route=\/wp\/v2\/users\/1"}],"replies":[{"embeddable":true,"href":"https:\/\/www.egemtv.com\/index.php?rest_route=%2Fwp%2Fv2%2Fcomments&post=38112"}],"version-history":[{"count":1,"href":"https:\/\/www.egemtv.com\/index.php?rest_route=\/wp\/v2\/posts\/38112\/revisions"}],"predecessor-version":[{"id":38114,"href":"https:\/\/www.egemtv.com\/index.php?rest_route=\/wp\/v2\/posts\/38112\/revisions\/38114"}],"wp:featuredmedia":[{"embeddable":true,"href":"https:\/\/www.egemtv.com\/index.php?rest_route=\/wp\/v2\/media\/38113"}],"wp:attachment":[{"href":"https:\/\/www.egemtv.com\/index.php?rest_route=%2Fwp%2Fv2%2Fmedia&parent=38112"}],"wp:term":[{"taxonomy":"category","embeddable":true,"href":"https:\/\/www.egemtv.com\/index.php?rest_route=%2Fwp%2Fv2%2Fcategories&post=38112"},{"taxonomy":"post_tag","embeddable":true,"href":"https:\/\/www.egemtv.com\/index.php?rest_route=%2Fwp%2Fv2%2Ftags&post=38112"}],"curies":[{"name":"wp","href":"https:\/\/api.w.org\/{rel}","templated":true}]}}