{"id":38109,"date":"2025-06-27T10:56:28","date_gmt":"2025-06-27T07:56:28","guid":{"rendered":"https:\/\/www.egemtv.com\/?p=38109"},"modified":"2025-06-27T10:56:33","modified_gmt":"2025-06-27T07:56:33","slug":"refuje-devrilen-hafif-ticari-aracta-2-kisi-yaralandi","status":"publish","type":"post","link":"https:\/\/www.egemtv.com\/?p=38109","title":{"rendered":"Ref\u00fcje devrilen hafif ticari ara\u00e7ta 2 ki\u015fi yaraland\u0131"},"content":{"rendered":"<p>Afyonkarahisar\u2019da kontrolden \u00e7\u0131karak orta ref\u00fcje devrilen hafif ticari ara\u00e7ta 2 ki\u015fi yaraland\u0131.<br \/>\n<br \/>Kaza, Emirda\u011f il\u00e7esi Camili k\u00f6y\u00fc yak\u0131nlar\u0131nda meydana geldi. Edinilen bilgilere g\u00f6re, F.K., idaresindeki 07 BVR 66 plakal\u0131 hafif ticari ara\u00e7 s\u00fcr\u00fcc\u00fcs\u00fcn\u00fcn hen\u00fcz belirlenemeyen bir sebepten \u00f6t\u00fcr\u00fc direksiyon hakimiyetini kaybetmesi sonucu kontrolden \u00e7\u0131kt\u0131. Savrulan ara\u00e7 ard\u0131ndan yol kenar\u0131ndaki ref\u00fcje devrildi. Kazada s\u00fcr\u00fcc\u00fc ile birlikte yan\u0131nda bulunan A.K., yaraland\u0131. Yaral\u0131lar kaza sonras\u0131 ihbar \u00fczerine olay yerine gelen ambulanslarla hastanelere kald\u0131r\u0131ld\u0131.<br \/>\n<br \/>Kazan\u0131n ard\u0131ndan jandarma taraf\u0131ndan inceleme ba\u015flat\u0131ld\u0131.<br \/><\/p>\n","protected":false},"excerpt":{"rendered":"<p>Afyonkarahisar\u2019da kontrolden \u00e7\u0131karak orta ref\u00fcje devrilen hafif ticari ara\u00e7ta 2 ki\u015fi yaraland\u0131. Kaza, Emirda\u011f il\u00e7esi Camili k\u00f6y\u00fc yak\u0131nlar\u0131nda meydana geldi. Edinilen bilgilere g\u00f6re, F.K., idaresindeki 07 BVR 66 plakal\u0131 hafif ticari ara\u00e7 s\u00fcr\u00fcc\u00fcs\u00fcn\u00fcn hen\u00fcz belirlenemeyen bir sebepten \u00f6t\u00fcr\u00fc direksiyon hakimiyetini kaybetmesi sonucu kontrolden \u00e7\u0131kt\u0131. Savrulan ara\u00e7 ard\u0131ndan yol kenar\u0131ndaki ref\u00fcje devrildi. Kazada s\u00fcr\u00fcc\u00fc ile birlikte&#8230;<\/p>\n","protected":false},"author":1,"featured_media":38110,"comment_status":"open","ping_status":"open","sticky":false,"template":"","format":"standard","meta":{"_crdt_document":"","footnotes":""},"categories":[5],"tags":[],"class_list":["post-38109","post","type-post","status-publish","format-standard","has-post-thumbnail","hentry","category-asayis"],"_links":{"self":[{"href":"https:\/\/www.egemtv.com\/index.php?rest_route=\/wp\/v2\/posts\/38109","targetHints":{"allow":["GET"]}}],"collection":[{"href":"https:\/\/www.egemtv.com\/index.php?rest_route=\/wp\/v2\/posts"}],"about":[{"href":"https:\/\/www.egemtv.com\/index.php?rest_route=\/wp\/v2\/types\/post"}],"author":[{"embeddable":true,"href":"https:\/\/www.egemtv.com\/index.php?rest_route=\/wp\/v2\/users\/1"}],"replies":[{"embeddable":true,"href":"https:\/\/www.egemtv.com\/index.php?rest_route=%2Fwp%2Fv2%2Fcomments&post=38109"}],"version-history":[{"count":1,"href":"https:\/\/www.egemtv.com\/index.php?rest_route=\/wp\/v2\/posts\/38109\/revisions"}],"predecessor-version":[{"id":38111,"href":"https:\/\/www.egemtv.com\/index.php?rest_route=\/wp\/v2\/posts\/38109\/revisions\/38111"}],"wp:featuredmedia":[{"embeddable":true,"href":"https:\/\/www.egemtv.com\/index.php?rest_route=\/wp\/v2\/media\/38110"}],"wp:attachment":[{"href":"https:\/\/www.egemtv.com\/index.php?rest_route=%2Fwp%2Fv2%2Fmedia&parent=38109"}],"wp:term":[{"taxonomy":"category","embeddable":true,"href":"https:\/\/www.egemtv.com\/index.php?rest_route=%2Fwp%2Fv2%2Fcategories&post=38109"},{"taxonomy":"post_tag","embeddable":true,"href":"https:\/\/www.egemtv.com\/index.php?rest_route=%2Fwp%2Fv2%2Ftags&post=38109"}],"curies":[{"name":"wp","href":"https:\/\/api.w.org\/{rel}","templated":true}]}}