{"id":38106,"date":"2025-06-27T10:56:24","date_gmt":"2025-06-27T07:56:24","guid":{"rendered":"https:\/\/www.egemtv.com\/?p=38106"},"modified":"2025-06-27T10:56:28","modified_gmt":"2025-06-27T07:56:28","slug":"gediz-halk-egitimi-merkezinden-anlamli-etkinlik","status":"publish","type":"post","link":"https:\/\/www.egemtv.com\/?p=38106","title":{"rendered":"Gediz Halk E\u011fitimi Merkezi\u2019nden anlaml\u0131 etkinlik"},"content":{"rendered":"<p>K\u00fctahya\u2019n\u0131n Gediz il\u00e7esinde, Halk E\u011fitimi Merkezi M\u00fcd\u00fcrl\u00fc\u011f\u00fc (HEM), Gediz Sosyal Hizmet Merkezi M\u00fcd\u00fcrl\u00fc\u011f\u00fc ile i\u015f birli\u011fi i\u00e7erisinde anlaml\u0131 bir etkinli\u011fe ev sahipli\u011fi yapt\u0131.<br \/>\n<br \/>Misafirler, etkinlik kapsam\u0131nda d\u00fczenlenen Tak\u0131 Tasar\u0131m Kursu\u2019na kat\u0131larak el eme\u011fi kolyeler tasarlama f\u0131rsat\u0131 buldu. Nesiller aras\u0131 etkile\u015fimin ve dayan\u0131\u015fman\u0131n g\u00fczel bir \u00f6rne\u011fini sergileyen bu etkinlik, kat\u0131l\u0131mc\u0131lardan tam not ald\u0131. Programa \u0130l\u00e7e Milli E\u011fitim M\u00fcd\u00fcr\u00fc Murat \u0130\u00e7el, Gediz Sosyal Hizmet Merkezi M\u00fcd\u00fcr\u00fc G\u00fcner Yi\u011fit, \u0130l\u00e7e Milli E\u011fitim \u015eube M\u00fcd\u00fcr\u00fc Ya\u015far Kandemir ve Gediz Halk E\u011fitim Merkezi M\u00fcd\u00fcr\u00fc Ali Ar\u0131soy da kat\u0131l\u0131m sa\u011flayarak misafirlerle sohbet etti.<br \/>\n<br \/>Etkinlikle ilgili a\u00e7\u0131klamalarda bulunan Gediz Halk E\u011fitimi Merkezi M\u00fcd\u00fcr\u00fc Ali Ar\u0131soy, program\u0131n amac\u0131n\u0131 ve \u00f6nemini vurgulad\u0131. Ar\u0131soy, &#8220;Halk E\u011fitimi Merkezi M\u00fcd\u00fcrl\u00fc\u011f\u00fc olarak, Gediz Sosyal Hizmet Merkezi M\u00fcd\u00fcrl\u00fc\u011f\u00fcm\u00fczle i\u015f birli\u011fi i\u00e7erisinde, Haziran ay\u0131 \u2019K\u00f6klerimizle Ba\u011f\u0131m\u0131z, Merhametimiz, Bereketimiz\u2019 temas\u0131yla \u00e7ok \u00f6zel bir etkinlik ger\u00e7ekle\u015ftirdik. 65 ya\u015f \u00fcst\u00fc k\u0131ymetli b\u00fcy\u00fcklerimizi, \u015fehit yak\u0131nlar\u0131m\u0131z\u0131, gazi yak\u0131nlar\u0131m\u0131z\u0131 ve sosyal hizmet merkezimizden hizmet alan \u00e7ocuklar\u0131m\u0131z\u0131 bir araya getirdik. Misafirlerimiz Tak\u0131 Tasar\u0131m kursumuza kat\u0131larak el eme\u011fi kolyeler tasarlad\u0131lar. Bu etkinli\u011fimizle nesiller aras\u0131 k\u00f6pr\u00fcler kurmay\u0131, tecr\u00fcbe ve bilgi aktar\u0131m\u0131n\u0131 sa\u011flamay\u0131, ayn\u0131 zamanda toplumsal dayan\u0131\u015fma ve merhamet duygular\u0131n\u0131 peki\u015ftirmeyi hedefledik. Kat\u0131l\u0131m g\u00f6steren t\u00fcm misafirlerimize, destek veren \u0130l\u00e7e Milli E\u011fitim M\u00fcd\u00fcr\u00fcm\u00fcze, Sosyal Hizmet Merkezi M\u00fcd\u00fcr\u00fcm\u00fcze ve \u015eube M\u00fcd\u00fcr\u00fcm\u00fcze te\u015fekk\u00fcr ediyorum. Halk E\u011fitimi Merkezi olarak bu t\u00fcr sosyal ve k\u00fclt\u00fcrel faaliyetlere devam edece\u011fiz&#8221; ifadelerini kulland\u0131.<br \/><\/p>\n","protected":false},"excerpt":{"rendered":"<p>K\u00fctahya\u2019n\u0131n Gediz il\u00e7esinde, Halk E\u011fitimi Merkezi M\u00fcd\u00fcrl\u00fc\u011f\u00fc (HEM), Gediz Sosyal Hizmet Merkezi M\u00fcd\u00fcrl\u00fc\u011f\u00fc ile i\u015f birli\u011fi i\u00e7erisinde anlaml\u0131 bir etkinli\u011fe ev sahipli\u011fi yapt\u0131. Misafirler, etkinlik kapsam\u0131nda d\u00fczenlenen Tak\u0131 Tasar\u0131m Kursu\u2019na kat\u0131larak el eme\u011fi kolyeler tasarlama f\u0131rsat\u0131 buldu. Nesiller aras\u0131 etkile\u015fimin ve dayan\u0131\u015fman\u0131n g\u00fczel bir \u00f6rne\u011fini sergileyen bu etkinlik, kat\u0131l\u0131mc\u0131lardan tam not ald\u0131. Programa \u0130l\u00e7e Milli&#8230;<\/p>\n","protected":false},"author":1,"featured_media":38107,"comment_status":"open","ping_status":"open","sticky":false,"template":"","format":"standard","meta":{"_crdt_document":"","footnotes":""},"categories":[123],"tags":[],"class_list":["post-38106","post","type-post","status-publish","format-standard","has-post-thumbnail","hentry","category-gundem"],"_links":{"self":[{"href":"https:\/\/www.egemtv.com\/index.php?rest_route=\/wp\/v2\/posts\/38106","targetHints":{"allow":["GET"]}}],"collection":[{"href":"https:\/\/www.egemtv.com\/index.php?rest_route=\/wp\/v2\/posts"}],"about":[{"href":"https:\/\/www.egemtv.com\/index.php?rest_route=\/wp\/v2\/types\/post"}],"author":[{"embeddable":true,"href":"https:\/\/www.egemtv.com\/index.php?rest_route=\/wp\/v2\/users\/1"}],"replies":[{"embeddable":true,"href":"https:\/\/www.egemtv.com\/index.php?rest_route=%2Fwp%2Fv2%2Fcomments&post=38106"}],"version-history":[{"count":1,"href":"https:\/\/www.egemtv.com\/index.php?rest_route=\/wp\/v2\/posts\/38106\/revisions"}],"predecessor-version":[{"id":38108,"href":"https:\/\/www.egemtv.com\/index.php?rest_route=\/wp\/v2\/posts\/38106\/revisions\/38108"}],"wp:featuredmedia":[{"embeddable":true,"href":"https:\/\/www.egemtv.com\/index.php?rest_route=\/wp\/v2\/media\/38107"}],"wp:attachment":[{"href":"https:\/\/www.egemtv.com\/index.php?rest_route=%2Fwp%2Fv2%2Fmedia&parent=38106"}],"wp:term":[{"taxonomy":"category","embeddable":true,"href":"https:\/\/www.egemtv.com\/index.php?rest_route=%2Fwp%2Fv2%2Fcategories&post=38106"},{"taxonomy":"post_tag","embeddable":true,"href":"https:\/\/www.egemtv.com\/index.php?rest_route=%2Fwp%2Fv2%2Ftags&post=38106"}],"curies":[{"name":"wp","href":"https:\/\/api.w.org\/{rel}","templated":true}]}}