{"id":38103,"date":"2025-06-27T10:56:17","date_gmt":"2025-06-27T07:56:17","guid":{"rendered":"https:\/\/www.egemtv.com\/?p=38103"},"modified":"2025-06-27T10:56:24","modified_gmt":"2025-06-27T07:56:24","slug":"otizmli-gencin-aydinlatma-diregi-talebi-aninda-karsilik-buldu","status":"publish","type":"post","link":"https:\/\/www.egemtv.com\/?p=38103","title":{"rendered":"Otizmli gencin ayd\u0131nlatma dire\u011fi talebi an\u0131nda kar\u015f\u0131l\u0131k buldu"},"content":{"rendered":"<p>Afyonkarahisar\u2019da otizmli Ramazan Y\u0131lmaz\u2019\u0131n ayd\u0131nlatma dire\u011fi dikilmesi y\u00f6n\u00fcndeki \u00f6zel talebi, OEDA\u015e Afyonkarahisar \u0130l M\u00fcd\u00fcr\u00fc Cafer Demir\u2019in duyarl\u0131l\u0131\u011f\u0131 sayesinde ayn\u0131 g\u00fcn i\u00e7inde kar\u015f\u0131l\u0131k buldu.<br \/>\n<br \/>Ulusal Otizm Konfederasyonu Genel Ba\u015fkan\u0131 Fatma Kilci Kavas ve Afyon Otizm Derne\u011fi Ba\u015fkan Yard\u0131mc\u0131s\u0131 Mine Olucak ile yap\u0131lan ziyaret sonras\u0131 Ramazan\u2019\u0131n iste\u011fini b\u00fcy\u00fck bir samimiyetle kar\u015f\u0131layan M\u00fcd\u00fcr Demir, ayn\u0131 ak\u015fam Ramazan\u2019\u0131n bah\u00e7esine elektrik dire\u011finin dikilmesi i\u00e7in gerekli \u00e7al\u0131\u015fmalar\u0131 ba\u015flatt\u0131.<br \/>\n<br \/>Konuyla ilgili a\u00e7\u0131klama yapan Cafer Demir, &#8220;Ramazan\u2019\u0131n hayalini ger\u00e7ekle\u015ftirmek bizim i\u00e7in gurur verici oldu. \u00d6zel bireylerin isteklerine her zaman kulak vermeye ve destek olmaya devam edece\u011fiz&#8221; dedi.<br \/>\n<br \/>Kavas ise yapt\u0131\u011f\u0131 a\u00e7\u0131klamada &#8220;Cafer M\u00fcd\u00fcr\u00fcm\u00fcz\u00fcn h\u0131zl\u0131 ve duyarl\u0131 deste\u011fi, Ramazan ve ailesi i\u00e7in b\u00fcy\u00fck bir moral kayna\u011f\u0131 oldu. B\u00f6yle anlaml\u0131 ad\u0131mlar, toplumda fark\u0131ndal\u0131\u011f\u0131n artmas\u0131na ve \u00f6zel bireylerin hayatlar\u0131n\u0131n g\u00fczelle\u015fmesine katk\u0131 sa\u011fl\u0131yor&#8221; \u015feklinde konu\u015ftu.<br \/><\/p>\n","protected":false},"excerpt":{"rendered":"<p>Afyonkarahisar\u2019da otizmli Ramazan Y\u0131lmaz\u2019\u0131n ayd\u0131nlatma dire\u011fi dikilmesi y\u00f6n\u00fcndeki \u00f6zel talebi, OEDA\u015e Afyonkarahisar \u0130l M\u00fcd\u00fcr\u00fc Cafer Demir\u2019in duyarl\u0131l\u0131\u011f\u0131 sayesinde ayn\u0131 g\u00fcn i\u00e7inde kar\u015f\u0131l\u0131k buldu. Ulusal Otizm Konfederasyonu Genel Ba\u015fkan\u0131 Fatma Kilci Kavas ve Afyon Otizm Derne\u011fi Ba\u015fkan Yard\u0131mc\u0131s\u0131 Mine Olucak ile yap\u0131lan ziyaret sonras\u0131 Ramazan\u2019\u0131n iste\u011fini b\u00fcy\u00fck bir samimiyetle kar\u015f\u0131layan M\u00fcd\u00fcr Demir, ayn\u0131 ak\u015fam Ramazan\u2019\u0131n bah\u00e7esine&#8230;<\/p>\n","protected":false},"author":1,"featured_media":38104,"comment_status":"open","ping_status":"open","sticky":false,"template":"","format":"standard","meta":{"_crdt_document":"","footnotes":""},"categories":[1],"tags":[],"class_list":["post-38103","post","type-post","status-publish","format-standard","has-post-thumbnail","hentry","category-guncel"],"_links":{"self":[{"href":"https:\/\/www.egemtv.com\/index.php?rest_route=\/wp\/v2\/posts\/38103","targetHints":{"allow":["GET"]}}],"collection":[{"href":"https:\/\/www.egemtv.com\/index.php?rest_route=\/wp\/v2\/posts"}],"about":[{"href":"https:\/\/www.egemtv.com\/index.php?rest_route=\/wp\/v2\/types\/post"}],"author":[{"embeddable":true,"href":"https:\/\/www.egemtv.com\/index.php?rest_route=\/wp\/v2\/users\/1"}],"replies":[{"embeddable":true,"href":"https:\/\/www.egemtv.com\/index.php?rest_route=%2Fwp%2Fv2%2Fcomments&post=38103"}],"version-history":[{"count":1,"href":"https:\/\/www.egemtv.com\/index.php?rest_route=\/wp\/v2\/posts\/38103\/revisions"}],"predecessor-version":[{"id":38105,"href":"https:\/\/www.egemtv.com\/index.php?rest_route=\/wp\/v2\/posts\/38103\/revisions\/38105"}],"wp:featuredmedia":[{"embeddable":true,"href":"https:\/\/www.egemtv.com\/index.php?rest_route=\/wp\/v2\/media\/38104"}],"wp:attachment":[{"href":"https:\/\/www.egemtv.com\/index.php?rest_route=%2Fwp%2Fv2%2Fmedia&parent=38103"}],"wp:term":[{"taxonomy":"category","embeddable":true,"href":"https:\/\/www.egemtv.com\/index.php?rest_route=%2Fwp%2Fv2%2Fcategories&post=38103"},{"taxonomy":"post_tag","embeddable":true,"href":"https:\/\/www.egemtv.com\/index.php?rest_route=%2Fwp%2Fv2%2Ftags&post=38103"}],"curies":[{"name":"wp","href":"https:\/\/api.w.org\/{rel}","templated":true}]}}