{"id":38100,"date":"2025-06-27T10:35:54","date_gmt":"2025-06-27T07:35:54","guid":{"rendered":"https:\/\/www.egemtv.com\/?p=38100"},"modified":"2025-06-27T10:35:58","modified_gmt":"2025-06-27T07:35:58","slug":"kaymakam-gundogdudan-ornek-muhtara-tesekkur-belgesi","status":"publish","type":"post","link":"https:\/\/www.egemtv.com\/?p=38100","title":{"rendered":"Kaymakam G\u00fcndo\u011fdu\u2019dan \u00f6rnek muhtara te\u015fekk\u00fcr belgesi"},"content":{"rendered":"<p>Karacasu Kaymakam\u0131 Mehmet G\u00fcndo\u011fdu, Bah\u00e7ek\u00f6y Mahalle Muhtar\u0131\u2019n\u0131n orman yang\u0131nlar\u0131na kar\u015f\u0131 bireysel gayretleriyle olu\u015fturdu\u011fu acil m\u00fcdahale noktalar\u0131 i\u00e7in kendisine te\u015fekk\u00fcr belgesi takdim etti.<\/p>\n<p>Karacasu il\u00e7esine ba\u011fl\u0131 Bah\u00e7ek\u00f6y Mahallesi\u2019nde, muhtar\u0131n orman yang\u0131nlar\u0131na kar\u015f\u0131 g\u00f6sterdi\u011fi duyarl\u0131l\u0131k ve \u00f6zverili \u00e7aba takdir toplad\u0131. Mahallede kendi imkanlar\u0131yla olu\u015fturdu\u011fu acil m\u00fcdahale noktalar\u0131 sayesinde yang\u0131nlara kar\u015f\u0131 h\u0131zl\u0131 tepki verme kapasitesini art\u0131ran Bah\u00e7ek\u00f6y Muhtar\u0131, Karacasu Kaymakam\u0131 Mehmet G\u00fcndo\u011fdu taraf\u0131ndan \u00f6d\u00fcllendirildi. Muhtara te\u015fekk\u00fcr belgesini takdim eden Kaymakam G\u00fcndo\u011fdu, yapt\u0131\u011f\u0131 a\u00e7\u0131klamada \u015fu ifadelere yer verdi: &#8220;Bah\u00e7ek\u00f6y Muhtar\u0131m\u0131z, orman yang\u0131nlar\u0131na kar\u015f\u0131 kendi \u00e7abalar\u0131yla olu\u015fturdu\u011fu acil m\u00fcdahale noktalar\u0131yla \u00f6rnek bir m\u00fccadele sergiledi. Kendisine te\u015fekk\u00fcr belgemizi takdim ederken, bu bilincin t\u00fcm mahallelerimize yay\u0131lmas\u0131n\u0131 temenni ediyoruz. Orman sadece a\u011fa\u00e7 de\u011fil, gelece\u011fimizdir&#8221;<br \/><\/p>\n","protected":false},"excerpt":{"rendered":"<p>Karacasu Kaymakam\u0131 Mehmet G\u00fcndo\u011fdu, Bah\u00e7ek\u00f6y Mahalle Muhtar\u0131\u2019n\u0131n orman yang\u0131nlar\u0131na kar\u015f\u0131 bireysel gayretleriyle olu\u015fturdu\u011fu acil m\u00fcdahale noktalar\u0131 i\u00e7in kendisine te\u015fekk\u00fcr belgesi takdim etti. Karacasu il\u00e7esine ba\u011fl\u0131 Bah\u00e7ek\u00f6y Mahallesi\u2019nde, muhtar\u0131n orman yang\u0131nlar\u0131na kar\u015f\u0131 g\u00f6sterdi\u011fi duyarl\u0131l\u0131k ve \u00f6zverili \u00e7aba takdir toplad\u0131. Mahallede kendi imkanlar\u0131yla olu\u015fturdu\u011fu acil m\u00fcdahale noktalar\u0131 sayesinde yang\u0131nlara kar\u015f\u0131 h\u0131zl\u0131 tepki verme kapasitesini art\u0131ran Bah\u00e7ek\u00f6y Muhtar\u0131,&#8230;<\/p>\n","protected":false},"author":1,"featured_media":38101,"comment_status":"open","ping_status":"open","sticky":false,"template":"","format":"standard","meta":{"_crdt_document":"","footnotes":""},"categories":[1],"tags":[],"class_list":["post-38100","post","type-post","status-publish","format-standard","has-post-thumbnail","hentry","category-guncel"],"_links":{"self":[{"href":"https:\/\/www.egemtv.com\/index.php?rest_route=\/wp\/v2\/posts\/38100","targetHints":{"allow":["GET"]}}],"collection":[{"href":"https:\/\/www.egemtv.com\/index.php?rest_route=\/wp\/v2\/posts"}],"about":[{"href":"https:\/\/www.egemtv.com\/index.php?rest_route=\/wp\/v2\/types\/post"}],"author":[{"embeddable":true,"href":"https:\/\/www.egemtv.com\/index.php?rest_route=\/wp\/v2\/users\/1"}],"replies":[{"embeddable":true,"href":"https:\/\/www.egemtv.com\/index.php?rest_route=%2Fwp%2Fv2%2Fcomments&post=38100"}],"version-history":[{"count":1,"href":"https:\/\/www.egemtv.com\/index.php?rest_route=\/wp\/v2\/posts\/38100\/revisions"}],"predecessor-version":[{"id":38102,"href":"https:\/\/www.egemtv.com\/index.php?rest_route=\/wp\/v2\/posts\/38100\/revisions\/38102"}],"wp:featuredmedia":[{"embeddable":true,"href":"https:\/\/www.egemtv.com\/index.php?rest_route=\/wp\/v2\/media\/38101"}],"wp:attachment":[{"href":"https:\/\/www.egemtv.com\/index.php?rest_route=%2Fwp%2Fv2%2Fmedia&parent=38100"}],"wp:term":[{"taxonomy":"category","embeddable":true,"href":"https:\/\/www.egemtv.com\/index.php?rest_route=%2Fwp%2Fv2%2Fcategories&post=38100"},{"taxonomy":"post_tag","embeddable":true,"href":"https:\/\/www.egemtv.com\/index.php?rest_route=%2Fwp%2Fv2%2Ftags&post=38100"}],"curies":[{"name":"wp","href":"https:\/\/api.w.org\/{rel}","templated":true}]}}