{"id":38097,"date":"2025-06-27T10:35:49","date_gmt":"2025-06-27T07:35:49","guid":{"rendered":"https:\/\/www.egemtv.com\/?p=38097"},"modified":"2025-06-27T10:35:53","modified_gmt":"2025-06-27T07:35:53","slug":"baskan-tetik-duyarli-vatandasi-tebrik-etti","status":"publish","type":"post","link":"https:\/\/www.egemtv.com\/?p=38097","title":{"rendered":"Ba\u015fkan Tetik, duyarl\u0131 vatanda\u015f\u0131 tebrik etti"},"content":{"rendered":"<p>Nazilli Belediyesi Bas\u0131n Yay\u0131n ve Halkla \u0130li\u015fkiler M\u00fcd\u00fcrl\u00fc\u011f\u00fc taraf\u0131ndan, \u00e7evre duyarl\u0131l\u0131\u011f\u0131 ve temizlik ile toplumsal bilince dikkat \u00e7ekmek i\u00e7in \u015fehrin en i\u015flek noktalar\u0131ndan Cumhuriyet Meydan\u0131\u2019nda sosyal deney yap\u0131ld\u0131.<\/p>\n<p>Ger\u00e7ekle\u015ftirilen sosyal deneyde; belediye personelleri taraf\u0131ndan meydana temiz bir po\u015fet i\u00e7erisinde \u00e7\u00f6p b\u0131rak\u0131larak yakla\u015f\u0131k 100 metre uzakl\u0131ktan ise video kamera ile kay\u0131t al\u0131nd\u0131.<\/p>\n<p>Yakla\u015f\u0131k 1 saatlik \u00e7ekimin ard\u0131ndan b\u0131rak\u0131lan \u00e7\u00f6p, sosyal deney yap\u0131ld\u0131\u011f\u0131ndan haberi olmayan Park ve Bah\u00e7eler M\u00fcd\u00fcrl\u00fc\u011f\u00fc personeli taraf\u0131ndan al\u0131narak \u00e7\u00f6p kutusuna at\u0131ld\u0131. Yan\u0131ndan y\u00fczlerce ki\u015finin ge\u00e7mesine ra\u011fmen \u00e7\u00f6p kutusuna at\u0131lmayan \u00e7\u00f6p bu kez k\u0131rm\u0131z\u0131 bir po\u015fete koyularak daha dikkat \u00e7ekici hale getirildi. Toplam 1 bu\u00e7uk saatin ard\u0131ndan duyarl\u0131 bir vatanda\u015f \u00e7\u00f6p\u00fc fark ederek sosyal deney yap\u0131ld\u0131\u011f\u0131ndan habersiz po\u015feti \u00e7\u00f6p kutusuna att\u0131.<\/p>\n<p>Duyarl\u0131 vatanda\u015f\u0131 tebrik ederek i\u00e7erisinde Nazilli\u2019ye \u00f6zg\u00fc y\u00f6resel \u00fcr\u00fcnlerin bulundu\u011fu \u00e7anta hediye eden Belediye Ba\u015fkan\u0131 Dr. Ertu\u011frul Tetik, &#8220;Hep beraber temiz, g\u00fczel bir Nazilli\u2019de ya\u015fayal\u0131m. Burada ablam\u0131z tam bir bu\u00e7uk saat sonra \u00e7\u00f6p\u00fc g\u00f6rd\u00fc ve \u00e7\u00f6p kutusuna att\u0131. Elbette al\u0131n, \u00e7\u00f6pleri temizleyin demiyorum. Ama duyarl\u0131l\u0131\u011f\u0131m\u0131z\u0131 art\u0131ral\u0131m. \u0130\u015f\u00e7ilerimiz b\u00fcy\u00fck bir gayretle \u00e7al\u0131\u015f\u0131yorlar, say\u0131lar\u0131 az. B\u00fcy\u00fck bir duyarl\u0131l\u0131k geli\u015ftirerek onlara da yard\u0131mc\u0131 olal\u0131m. Nazilli\u2019mizi daha temiz, daha ya\u015fan\u0131r bir hale getirmek hepimizin elinde&#8221; dedi.<br \/><\/p>\n","protected":false},"excerpt":{"rendered":"<p>Nazilli Belediyesi Bas\u0131n Yay\u0131n ve Halkla \u0130li\u015fkiler M\u00fcd\u00fcrl\u00fc\u011f\u00fc taraf\u0131ndan, \u00e7evre duyarl\u0131l\u0131\u011f\u0131 ve temizlik ile toplumsal bilince dikkat \u00e7ekmek i\u00e7in \u015fehrin en i\u015flek noktalar\u0131ndan Cumhuriyet Meydan\u0131\u2019nda sosyal deney yap\u0131ld\u0131. Ger\u00e7ekle\u015ftirilen sosyal deneyde; belediye personelleri taraf\u0131ndan meydana temiz bir po\u015fet i\u00e7erisinde \u00e7\u00f6p b\u0131rak\u0131larak yakla\u015f\u0131k 100 metre uzakl\u0131ktan ise video kamera ile kay\u0131t al\u0131nd\u0131. Yakla\u015f\u0131k 1 saatlik \u00e7ekimin&#8230;<\/p>\n","protected":false},"author":1,"featured_media":38098,"comment_status":"open","ping_status":"open","sticky":false,"template":"","format":"standard","meta":{"_crdt_document":"","footnotes":""},"categories":[1],"tags":[],"class_list":["post-38097","post","type-post","status-publish","format-standard","has-post-thumbnail","hentry","category-guncel"],"_links":{"self":[{"href":"https:\/\/www.egemtv.com\/index.php?rest_route=\/wp\/v2\/posts\/38097","targetHints":{"allow":["GET"]}}],"collection":[{"href":"https:\/\/www.egemtv.com\/index.php?rest_route=\/wp\/v2\/posts"}],"about":[{"href":"https:\/\/www.egemtv.com\/index.php?rest_route=\/wp\/v2\/types\/post"}],"author":[{"embeddable":true,"href":"https:\/\/www.egemtv.com\/index.php?rest_route=\/wp\/v2\/users\/1"}],"replies":[{"embeddable":true,"href":"https:\/\/www.egemtv.com\/index.php?rest_route=%2Fwp%2Fv2%2Fcomments&post=38097"}],"version-history":[{"count":1,"href":"https:\/\/www.egemtv.com\/index.php?rest_route=\/wp\/v2\/posts\/38097\/revisions"}],"predecessor-version":[{"id":38099,"href":"https:\/\/www.egemtv.com\/index.php?rest_route=\/wp\/v2\/posts\/38097\/revisions\/38099"}],"wp:featuredmedia":[{"embeddable":true,"href":"https:\/\/www.egemtv.com\/index.php?rest_route=\/wp\/v2\/media\/38098"}],"wp:attachment":[{"href":"https:\/\/www.egemtv.com\/index.php?rest_route=%2Fwp%2Fv2%2Fmedia&parent=38097"}],"wp:term":[{"taxonomy":"category","embeddable":true,"href":"https:\/\/www.egemtv.com\/index.php?rest_route=%2Fwp%2Fv2%2Fcategories&post=38097"},{"taxonomy":"post_tag","embeddable":true,"href":"https:\/\/www.egemtv.com\/index.php?rest_route=%2Fwp%2Fv2%2Ftags&post=38097"}],"curies":[{"name":"wp","href":"https:\/\/api.w.org\/{rel}","templated":true}]}}