{"id":38094,"date":"2025-06-27T10:35:44","date_gmt":"2025-06-27T07:35:44","guid":{"rendered":"https:\/\/www.egemtv.com\/?p=38094"},"modified":"2025-06-27T10:35:49","modified_gmt":"2025-06-27T07:35:49","slug":"kaymakam-atesten-jandarma-personeline-hizmet-tesekkuru","status":"publish","type":"post","link":"https:\/\/www.egemtv.com\/?p=38094","title":{"rendered":"Kaymakam Ate\u015f\u2019ten jandarma personeline hizmet te\u015fekk\u00fcr\u00fc"},"content":{"rendered":"<p>Sultanhisar Kaymakam\u0131 Ali Ekber Ate\u015f, tayinleri dolay\u0131s\u0131yla il\u00e7eden ayr\u0131lacak olan \u0130l\u00e7e Jandarma Komutanl\u0131\u011f\u0131 personellerini makam\u0131nda kabul ederek hizmetlerinden dolay\u0131 te\u015fekk\u00fcr etti.<\/p>\n<p>Sultanhisar\u2019da g\u00fcvenlik ve kamu d\u00fczeninin sa\u011flanmas\u0131nda g\u00f6rev alan ve tayinleri nedeniyle il\u00e7eden ayr\u0131lacak olan \u0130l\u00e7e Jandarma Komutanl\u0131\u011f\u0131 personelleri Kaymakam Ali Ekber Ate\u015f\u2019i makam\u0131nda ziyaret etti. Ziyarette, il\u00e7ede g\u00f6rev s\u00fcreleri boyunca g\u00f6sterdikleri \u00f6zverili \u00e7al\u0131\u015fmalardan dolay\u0131 jandarma personeline te\u015fekk\u00fcr eden Kaymakam Ate\u015f, yeni g\u00f6rev yerlerinde ba\u015far\u0131lar diledi. Kaymakam Ate\u015f, &#8220;Sultanhisar\u2019\u0131n huzur ve g\u00fcvenli\u011fi i\u00e7in emek veren t\u00fcm g\u00fcvenlik g\u00fc\u00e7lerimize m\u00fcte\u015fekkiriz. G\u00f6rev de\u011fi\u015fiklikleri birer bayrak teslimidir. G\u00f6revinizi lay\u0131k\u0131yla yerine getirdi\u011finiz i\u00e7in hepinize te\u015fekk\u00fcr ediyorum&#8221; ifadelerini kulland\u0131.<\/p>\n<p>Ziyaretin sonunda personelle hat\u0131ra foto\u011fraf\u0131 \u00e7ektirildi.<br \/><\/p>\n","protected":false},"excerpt":{"rendered":"<p>Sultanhisar Kaymakam\u0131 Ali Ekber Ate\u015f, tayinleri dolay\u0131s\u0131yla il\u00e7eden ayr\u0131lacak olan \u0130l\u00e7e Jandarma Komutanl\u0131\u011f\u0131 personellerini makam\u0131nda kabul ederek hizmetlerinden dolay\u0131 te\u015fekk\u00fcr etti. Sultanhisar\u2019da g\u00fcvenlik ve kamu d\u00fczeninin sa\u011flanmas\u0131nda g\u00f6rev alan ve tayinleri nedeniyle il\u00e7eden ayr\u0131lacak olan \u0130l\u00e7e Jandarma Komutanl\u0131\u011f\u0131 personelleri Kaymakam Ali Ekber Ate\u015f\u2019i makam\u0131nda ziyaret etti. Ziyarette, il\u00e7ede g\u00f6rev s\u00fcreleri boyunca g\u00f6sterdikleri \u00f6zverili \u00e7al\u0131\u015fmalardan dolay\u0131&#8230;<\/p>\n","protected":false},"author":1,"featured_media":38095,"comment_status":"open","ping_status":"open","sticky":false,"template":"","format":"standard","meta":{"_crdt_document":"","footnotes":""},"categories":[1],"tags":[],"class_list":["post-38094","post","type-post","status-publish","format-standard","has-post-thumbnail","hentry","category-guncel"],"_links":{"self":[{"href":"https:\/\/www.egemtv.com\/index.php?rest_route=\/wp\/v2\/posts\/38094","targetHints":{"allow":["GET"]}}],"collection":[{"href":"https:\/\/www.egemtv.com\/index.php?rest_route=\/wp\/v2\/posts"}],"about":[{"href":"https:\/\/www.egemtv.com\/index.php?rest_route=\/wp\/v2\/types\/post"}],"author":[{"embeddable":true,"href":"https:\/\/www.egemtv.com\/index.php?rest_route=\/wp\/v2\/users\/1"}],"replies":[{"embeddable":true,"href":"https:\/\/www.egemtv.com\/index.php?rest_route=%2Fwp%2Fv2%2Fcomments&post=38094"}],"version-history":[{"count":1,"href":"https:\/\/www.egemtv.com\/index.php?rest_route=\/wp\/v2\/posts\/38094\/revisions"}],"predecessor-version":[{"id":38096,"href":"https:\/\/www.egemtv.com\/index.php?rest_route=\/wp\/v2\/posts\/38094\/revisions\/38096"}],"wp:featuredmedia":[{"embeddable":true,"href":"https:\/\/www.egemtv.com\/index.php?rest_route=\/wp\/v2\/media\/38095"}],"wp:attachment":[{"href":"https:\/\/www.egemtv.com\/index.php?rest_route=%2Fwp%2Fv2%2Fmedia&parent=38094"}],"wp:term":[{"taxonomy":"category","embeddable":true,"href":"https:\/\/www.egemtv.com\/index.php?rest_route=%2Fwp%2Fv2%2Fcategories&post=38094"},{"taxonomy":"post_tag","embeddable":true,"href":"https:\/\/www.egemtv.com\/index.php?rest_route=%2Fwp%2Fv2%2Ftags&post=38094"}],"curies":[{"name":"wp","href":"https:\/\/api.w.org\/{rel}","templated":true}]}}