{"id":38091,"date":"2025-06-27T10:14:57","date_gmt":"2025-06-27T07:14:57","guid":{"rendered":"https:\/\/www.egemtv.com\/?p=38091"},"modified":"2025-06-27T10:15:02","modified_gmt":"2025-06-27T07:15:02","slug":"yunusemreden-bagimlilikla-mucadelede-ilk-adim","status":"publish","type":"post","link":"https:\/\/www.egemtv.com\/?p=38091","title":{"rendered":"Yunusemre\u2019den ba\u011f\u0131ml\u0131l\u0131kla m\u00fccadelede ilk ad\u0131m"},"content":{"rendered":"<p>Yunusemre Belediyesi ile Manisa Ye\u015filay Dan\u0131\u015fmanl\u0131k Merkezi i\u015fbirli\u011finde, belediye personeline y\u00f6nelik olarak d\u00fczenlenen ba\u011f\u0131ml\u0131l\u0131kla m\u00fccadele seminerinde madde, t\u00fct\u00fcn, alkol ve dijital ba\u011f\u0131ml\u0131l\u0131k konular\u0131 t\u00fcm y\u00f6nleriyle ele al\u0131nd\u0131.<br \/>\n<br \/>Yunusemre Belediyesi Ana Hizmet Binas\u0131\u2019ndaki toplant\u0131 salonunda ger\u00e7ekle\u015fen seminerde, ba\u011f\u0131ml\u0131l\u0131\u011f\u0131n fiziksel, psikolojik ve sosyal boyutlar\u0131 kat\u0131l\u0131mc\u0131larla payla\u015f\u0131ld\u0131. Programa, Yunusemre Belediye Ba\u015fkan Yard\u0131mc\u0131s\u0131 Emine \u00d6zge Arslan, Sa\u011fl\u0131k \u0130\u015fleri M\u00fcd\u00fcr\u00fc Birsen \u00d6cal ve Kad\u0131n ve Aile Hizmetleri M\u00fcd\u00fcr\u00fc \u015eaver Y\u00fcksel de kat\u0131ld\u0131.<br \/>\n<br \/>Seminerde sunum yapan Sosyal Hizmetler Uzman\u0131 Merve Ayhan, t\u00fct\u00fcn \u00fcr\u00fcnlerinin zararlar\u0131na dikkat \u00e7ekerek, &#8220;Sigara d\u00fcnyada ve \u00fclkemizde \u00f6nemli bir halk sa\u011fl\u0131\u011f\u0131 sorunudur. Y\u00fcksek oranda nikotin i\u00e7ermesi nedeniyle ba\u011f\u0131ml\u0131l\u0131k yapma potansiyeli y\u00fcksektir. Her y\u0131l d\u00fcnyada 8 milyon ki\u015fi sigaraya ba\u011fl\u0131 nedenlerle hayat\u0131n\u0131 kaybediyor.&#8221; dedi.<br \/>\n<br \/>Ayhan, sigara, nargile ve pipo kullan\u0131m\u0131n\u0131n zamanla psikolojik ve fiziksel ba\u011f\u0131ml\u0131l\u0131k olu\u015fturdu\u011funu ifade ederken, t\u00fct\u00fcn \u00fcr\u00fcnlerinde 4 binden fazla kimyasal madde bulundu\u011funu ve bunlar\u0131n ciddi sa\u011fl\u0131k sorunlar\u0131na yol a\u00e7t\u0131\u011f\u0131n\u0131 vurgulad\u0131.<br \/>\n<br \/>Teknoloji ba\u011f\u0131ml\u0131l\u0131\u011f\u0131na da de\u011finen Ayhan, dijital ba\u011f\u0131ml\u0131l\u0131\u011f\u0131n da madde ve alkol ba\u011f\u0131ml\u0131l\u0131\u011f\u0131yla benzer bir d\u00f6ng\u00fcye sahip oldu\u011funa dikkat \u00e7ekti. \u00d6zellikle \u00e7ocuklar\u0131n k\u00fc\u00e7\u00fck ya\u015fta ekranla tan\u0131\u015fmas\u0131n\u0131n uzun vadeli olumsuz etkiler olu\u015fturabilece\u011fini belirtti.<br \/>\n<br \/>Seminer sonunda kat\u0131l\u0131mc\u0131lara bro\u015f\u00fcrler da\u011f\u0131t\u0131l\u0131rken, ba\u011f\u0131ml\u0131l\u0131kla m\u00fccadelede erken m\u00fcdahale ve toplumsal fark\u0131ndal\u0131\u011f\u0131n \u00f6nemi bir kez daha vurguland\u0131.<br \/><\/p>\n","protected":false},"excerpt":{"rendered":"<p>Yunusemre Belediyesi ile Manisa Ye\u015filay Dan\u0131\u015fmanl\u0131k Merkezi i\u015fbirli\u011finde, belediye personeline y\u00f6nelik olarak d\u00fczenlenen ba\u011f\u0131ml\u0131l\u0131kla m\u00fccadele seminerinde madde, t\u00fct\u00fcn, alkol ve dijital ba\u011f\u0131ml\u0131l\u0131k konular\u0131 t\u00fcm y\u00f6nleriyle ele al\u0131nd\u0131. Yunusemre Belediyesi Ana Hizmet Binas\u0131\u2019ndaki toplant\u0131 salonunda ger\u00e7ekle\u015fen seminerde, ba\u011f\u0131ml\u0131l\u0131\u011f\u0131n fiziksel, psikolojik ve sosyal boyutlar\u0131 kat\u0131l\u0131mc\u0131larla payla\u015f\u0131ld\u0131. Programa, Yunusemre Belediye Ba\u015fkan Yard\u0131mc\u0131s\u0131 Emine \u00d6zge Arslan, Sa\u011fl\u0131k \u0130\u015fleri M\u00fcd\u00fcr\u00fc&#8230;<\/p>\n","protected":false},"author":1,"featured_media":38092,"comment_status":"open","ping_status":"open","sticky":false,"template":"","format":"standard","meta":{"_crdt_document":"","footnotes":""},"categories":[2],"tags":[],"class_list":["post-38091","post","type-post","status-publish","format-standard","has-post-thumbnail","hentry","category-saglik"],"_links":{"self":[{"href":"https:\/\/www.egemtv.com\/index.php?rest_route=\/wp\/v2\/posts\/38091","targetHints":{"allow":["GET"]}}],"collection":[{"href":"https:\/\/www.egemtv.com\/index.php?rest_route=\/wp\/v2\/posts"}],"about":[{"href":"https:\/\/www.egemtv.com\/index.php?rest_route=\/wp\/v2\/types\/post"}],"author":[{"embeddable":true,"href":"https:\/\/www.egemtv.com\/index.php?rest_route=\/wp\/v2\/users\/1"}],"replies":[{"embeddable":true,"href":"https:\/\/www.egemtv.com\/index.php?rest_route=%2Fwp%2Fv2%2Fcomments&post=38091"}],"version-history":[{"count":1,"href":"https:\/\/www.egemtv.com\/index.php?rest_route=\/wp\/v2\/posts\/38091\/revisions"}],"predecessor-version":[{"id":38093,"href":"https:\/\/www.egemtv.com\/index.php?rest_route=\/wp\/v2\/posts\/38091\/revisions\/38093"}],"wp:featuredmedia":[{"embeddable":true,"href":"https:\/\/www.egemtv.com\/index.php?rest_route=\/wp\/v2\/media\/38092"}],"wp:attachment":[{"href":"https:\/\/www.egemtv.com\/index.php?rest_route=%2Fwp%2Fv2%2Fmedia&parent=38091"}],"wp:term":[{"taxonomy":"category","embeddable":true,"href":"https:\/\/www.egemtv.com\/index.php?rest_route=%2Fwp%2Fv2%2Fcategories&post=38091"},{"taxonomy":"post_tag","embeddable":true,"href":"https:\/\/www.egemtv.com\/index.php?rest_route=%2Fwp%2Fv2%2Ftags&post=38091"}],"curies":[{"name":"wp","href":"https:\/\/api.w.org\/{rel}","templated":true}]}}