{"id":38088,"date":"2025-06-27T10:14:53","date_gmt":"2025-06-27T07:14:53","guid":{"rendered":"https:\/\/www.egemtv.com\/?p=38088"},"modified":"2025-06-27T10:14:57","modified_gmt":"2025-06-27T07:14:57","slug":"medical-pointte-gelismis-teknoloji-ile-bel-fitigina-etkili-mudahale","status":"publish","type":"post","link":"https:\/\/www.egemtv.com\/?p=38088","title":{"rendered":"Medical Point\u2019te geli\u015fmi\u015f teknoloji ile bel f\u0131t\u0131\u011f\u0131na etkili m\u00fcdahale"},"content":{"rendered":"<p>\u0130zmir Ekonomi \u00dcniversitesi Medical Point Hastanesi Beyin ve Sinir Cerrahisi Uzman\u0131 Do\u00e7. Dr. G\u00f6khan G\u00fcrkan, uzun s\u00fcredir bel f\u0131t\u0131\u011f\u0131na ba\u011fl\u0131 bacak ve bel a\u011fr\u0131s\u0131 ya\u015fayan Mesut G\u00fc\u00e7\u2019\u00fc tam kapal\u0131, endoskopik y\u00f6ntemle ba\u015far\u0131yla ameliyat etti.<br \/>\n<br \/>Sa\u011f baca\u011f\u0131nda \u015fiddetli a\u011fr\u0131 ve \u00e7ekilme hissi ile birlikte bel a\u011fr\u0131s\u0131 \u015fikayetleri ya\u015fayan Mesut G\u00fc\u00e7, ya\u015fam kalitesini ciddi \u015fekilde etkileyen bu durum nedeniyle hastaneye ba\u015fvurdu. Yap\u0131lan muayene ve MR g\u00f6r\u00fcnt\u00fclemeleri sonucunda bel f\u0131t\u0131\u011f\u0131 te\u015fhisi konulan hastaya, endoskopik disk cerrahisi \u00f6nerildi. Do\u00e7. Dr. G\u00f6khan G\u00fcrkan, hastan\u0131n durumu ve uygulanan tedaviyle ilgili \u015fu a\u00e7\u0131klamalarda bulundu: &#8220;Mesut Bey bize bel ve sa\u011f baca\u011f\u0131na yay\u0131lan \u015fiddetli a\u011fr\u0131larla ba\u015fvurdu. \u00d6zellikle bacakta \u00e7ekilme hissi ya\u015fam kalitesini olduk\u00e7a d\u00fc\u015f\u00fcr\u00fcyordu. MR g\u00f6r\u00fcnt\u00fclemeleri sonucunda ciddi bir bel f\u0131t\u0131\u011f\u0131 tespit ettik. Kendisine, tam kapal\u0131 endoskopik y\u00f6ntemle ameliyat \u00f6nerdik.Bu y\u00f6ntemle f\u0131t\u0131k, yaln\u0131zca birka\u00e7 milimetrelik bir kesiden kamera e\u015fli\u011finde \u00e7\u0131kar\u0131l\u0131yor ve hastalar \u00e7ok h\u0131zl\u0131 toparlan\u0131yor.Endoskopik disk cerrahisinin en \u00f6nemli avantajlar\u0131ndan biri, kesi yerinin \u00e7ok k\u00fc\u00e7\u00fck olmas\u0131 ve hastalar\u0131n \u00e7ok k\u0131sa bir s\u00fcre i\u00e7inde g\u00fcnl\u00fck ya\u015fant\u0131lar\u0131na d\u00f6nebilmesidir. Mesut Bey de ameliyat sonras\u0131 ayn\u0131 g\u00fcn y\u00fcr\u00fcyebildi ve bir g\u00fcn sonra taburcu edildi. \u015eu anda hi\u00e7bir a\u011fr\u0131s\u0131 kalmad\u0131.&#8221;<br \/>\n<br \/>Hastan\u0131n ayn\u0131 zamanda bir anestezi asistan\u0131 hekimin babas\u0131 oldu\u011funu belirten Do\u00e7. Dr. G\u00fcrkan, sa\u011fl\u0131k camias\u0131ndan gelen bu g\u00fcvenin kendileri i\u00e7in ayr\u0131ca k\u0131ymetli oldu\u011funu vurgulad\u0131.<br \/>\n<br \/>Ameliyat sonras\u0131 ya\u015fad\u0131\u011f\u0131 de\u011fi\u015fimi anlatan Mesut G\u00fc\u00e7 ise, &#8220;Sa\u011f baca\u011f\u0131mdaki a\u011fr\u0131 ve \u00e7ekme hissi art\u0131k tamamen ge\u00e7ti. G\u00f6khan Bey ve Ali Bey \u00e7ok g\u00fczel bir ameliyat yapt\u0131. \u015eu anda kendimi \u00e7ok iyi hissediyorum. Hi\u00e7bir \u015fikayetim kalmad\u0131. Herkese g\u00f6n\u00fcl rahatl\u0131\u011f\u0131yla tavsiye ederim.&#8221; dedi.<br \/>\n<br \/>Do\u00e7. Dr. G\u00fcrkan, bel ve bacak a\u011fr\u0131s\u0131, uyu\u015fma ya da y\u00fcr\u00fcy\u00fc\u015f bozuklu\u011fu gibi \u015fikayetleri olan ki\u015filerin vakit kaybetmeden bir beyin ve sinir cerrah\u0131na ba\u015fvurmalar\u0131 gerekti\u011fini belirterek, &#8220;Uygun hasta grubunda, kapal\u0131 bel f\u0131t\u0131\u011f\u0131 ameliyat\u0131 hem konforlu hem de g\u00fcvenli bir \u00e7\u00f6z\u00fcmd\u00fcr&#8221; mesaj\u0131n\u0131 verdi.<br \/><\/p>\n","protected":false},"excerpt":{"rendered":"<p>\u0130zmir Ekonomi \u00dcniversitesi Medical Point Hastanesi Beyin ve Sinir Cerrahisi Uzman\u0131 Do\u00e7. Dr. G\u00f6khan G\u00fcrkan, uzun s\u00fcredir bel f\u0131t\u0131\u011f\u0131na ba\u011fl\u0131 bacak ve bel a\u011fr\u0131s\u0131 ya\u015fayan Mesut G\u00fc\u00e7\u2019\u00fc tam kapal\u0131, endoskopik y\u00f6ntemle ba\u015far\u0131yla ameliyat etti. Sa\u011f baca\u011f\u0131nda \u015fiddetli a\u011fr\u0131 ve \u00e7ekilme hissi ile birlikte bel a\u011fr\u0131s\u0131 \u015fikayetleri ya\u015fayan Mesut G\u00fc\u00e7, ya\u015fam kalitesini ciddi \u015fekilde etkileyen bu&#8230;<\/p>\n","protected":false},"author":1,"featured_media":38089,"comment_status":"open","ping_status":"open","sticky":false,"template":"","format":"standard","meta":{"_crdt_document":"","footnotes":""},"categories":[2],"tags":[],"class_list":["post-38088","post","type-post","status-publish","format-standard","has-post-thumbnail","hentry","category-saglik"],"_links":{"self":[{"href":"https:\/\/www.egemtv.com\/index.php?rest_route=\/wp\/v2\/posts\/38088","targetHints":{"allow":["GET"]}}],"collection":[{"href":"https:\/\/www.egemtv.com\/index.php?rest_route=\/wp\/v2\/posts"}],"about":[{"href":"https:\/\/www.egemtv.com\/index.php?rest_route=\/wp\/v2\/types\/post"}],"author":[{"embeddable":true,"href":"https:\/\/www.egemtv.com\/index.php?rest_route=\/wp\/v2\/users\/1"}],"replies":[{"embeddable":true,"href":"https:\/\/www.egemtv.com\/index.php?rest_route=%2Fwp%2Fv2%2Fcomments&post=38088"}],"version-history":[{"count":1,"href":"https:\/\/www.egemtv.com\/index.php?rest_route=\/wp\/v2\/posts\/38088\/revisions"}],"predecessor-version":[{"id":38090,"href":"https:\/\/www.egemtv.com\/index.php?rest_route=\/wp\/v2\/posts\/38088\/revisions\/38090"}],"wp:featuredmedia":[{"embeddable":true,"href":"https:\/\/www.egemtv.com\/index.php?rest_route=\/wp\/v2\/media\/38089"}],"wp:attachment":[{"href":"https:\/\/www.egemtv.com\/index.php?rest_route=%2Fwp%2Fv2%2Fmedia&parent=38088"}],"wp:term":[{"taxonomy":"category","embeddable":true,"href":"https:\/\/www.egemtv.com\/index.php?rest_route=%2Fwp%2Fv2%2Fcategories&post=38088"},{"taxonomy":"post_tag","embeddable":true,"href":"https:\/\/www.egemtv.com\/index.php?rest_route=%2Fwp%2Fv2%2Ftags&post=38088"}],"curies":[{"name":"wp","href":"https:\/\/api.w.org\/{rel}","templated":true}]}}