{"id":38082,"date":"2025-06-27T09:57:01","date_gmt":"2025-06-27T06:57:01","guid":{"rendered":"https:\/\/www.egemtv.com\/?p=38082"},"modified":"2025-06-27T09:57:05","modified_gmt":"2025-06-27T06:57:05","slug":"emet-myoda-2-akademik-personele-akademik-tesvik-odulu","status":"publish","type":"post","link":"https:\/\/www.egemtv.com\/?p=38082","title":{"rendered":"Emet MYO\u2019da 2 akademik personele akademik te\u015fvik \u00f6d\u00fcl\u00fc"},"content":{"rendered":"<p>K\u00fctahya Dumlup\u0131nar \u00dcniversitesi (DP\u00dc) Emet Meslek Y\u00fcksekokuluna (MYO) ba\u011fl\u0131 Emet Meslek Y\u00fcksekokulunda g\u00f6rev yapan akademik personellerden Do\u00e7. Dr. Tu\u011fba Alp Ar\u0131c\u0131 ve \u00d6\u011fr. G\u00f6r. Dr. Sevim \u00d6zkan\u2019a 2024 y\u0131l\u0131 akademik te\u015fvik \u00f6d\u00fcl\u00fc verildi.<br \/>\n<br \/>Emet Meslek Y\u00fcksekokulu M\u00fcd\u00fcrl\u00fc\u011f\u00fc makam\u0131nda d\u00fczenlenen t\u00f6rende akademik personellerden Do\u00e7. Dr. Tu\u011fba Alp Ar\u0131c\u0131 ve \u00d6\u011fr. G\u00f6r. Dr. Sevim \u00d6zkan\u2019a 2024 y\u0131l\u0131 akademik te\u015fvik \u00f6d\u00fclleri Dumlup\u0131nar \u00dcniversitesi Rekt\u00f6r\u00fc Prof. Dr. S\u00fcleyman K\u0131z\u0131ltoprak taraf\u0131ndan takdim edildi. Rekt\u00f6r K\u0131z\u0131ltoprak, akademik personelleri tebrik ederek ba\u015far\u0131lar\u0131n\u0131n devam\u0131n\u0131 diledi.<br \/><\/p>\n","protected":false},"excerpt":{"rendered":"<p>K\u00fctahya Dumlup\u0131nar \u00dcniversitesi (DP\u00dc) Emet Meslek Y\u00fcksekokuluna (MYO) ba\u011fl\u0131 Emet Meslek Y\u00fcksekokulunda g\u00f6rev yapan akademik personellerden Do\u00e7. Dr. Tu\u011fba Alp Ar\u0131c\u0131 ve \u00d6\u011fr. G\u00f6r. Dr. Sevim \u00d6zkan\u2019a 2024 y\u0131l\u0131 akademik te\u015fvik \u00f6d\u00fcl\u00fc verildi. Emet Meslek Y\u00fcksekokulu M\u00fcd\u00fcrl\u00fc\u011f\u00fc makam\u0131nda d\u00fczenlenen t\u00f6rende akademik personellerden Do\u00e7. Dr. Tu\u011fba Alp Ar\u0131c\u0131 ve \u00d6\u011fr. G\u00f6r. Dr. Sevim \u00d6zkan\u2019a 2024 y\u0131l\u0131&#8230;<\/p>\n","protected":false},"author":1,"featured_media":38083,"comment_status":"open","ping_status":"open","sticky":false,"template":"","format":"standard","meta":{"_crdt_document":"","footnotes":""},"categories":[1],"tags":[],"class_list":["post-38082","post","type-post","status-publish","format-standard","has-post-thumbnail","hentry","category-guncel"],"_links":{"self":[{"href":"https:\/\/www.egemtv.com\/index.php?rest_route=\/wp\/v2\/posts\/38082","targetHints":{"allow":["GET"]}}],"collection":[{"href":"https:\/\/www.egemtv.com\/index.php?rest_route=\/wp\/v2\/posts"}],"about":[{"href":"https:\/\/www.egemtv.com\/index.php?rest_route=\/wp\/v2\/types\/post"}],"author":[{"embeddable":true,"href":"https:\/\/www.egemtv.com\/index.php?rest_route=\/wp\/v2\/users\/1"}],"replies":[{"embeddable":true,"href":"https:\/\/www.egemtv.com\/index.php?rest_route=%2Fwp%2Fv2%2Fcomments&post=38082"}],"version-history":[{"count":1,"href":"https:\/\/www.egemtv.com\/index.php?rest_route=\/wp\/v2\/posts\/38082\/revisions"}],"predecessor-version":[{"id":38084,"href":"https:\/\/www.egemtv.com\/index.php?rest_route=\/wp\/v2\/posts\/38082\/revisions\/38084"}],"wp:featuredmedia":[{"embeddable":true,"href":"https:\/\/www.egemtv.com\/index.php?rest_route=\/wp\/v2\/media\/38083"}],"wp:attachment":[{"href":"https:\/\/www.egemtv.com\/index.php?rest_route=%2Fwp%2Fv2%2Fmedia&parent=38082"}],"wp:term":[{"taxonomy":"category","embeddable":true,"href":"https:\/\/www.egemtv.com\/index.php?rest_route=%2Fwp%2Fv2%2Fcategories&post=38082"},{"taxonomy":"post_tag","embeddable":true,"href":"https:\/\/www.egemtv.com\/index.php?rest_route=%2Fwp%2Fv2%2Ftags&post=38082"}],"curies":[{"name":"wp","href":"https:\/\/api.w.org\/{rel}","templated":true}]}}