{"id":38079,"date":"2025-06-27T09:56:57","date_gmt":"2025-06-27T06:56:57","guid":{"rendered":"https:\/\/www.egemtv.com\/?p=38079"},"modified":"2025-06-27T09:57:01","modified_gmt":"2025-06-27T06:57:01","slug":"osb-akademide-duygusal-zeka-ve-stres-yonetimi-egitimi","status":"publish","type":"post","link":"https:\/\/www.egemtv.com\/?p=38079","title":{"rendered":"OSB Akademi\u2019de &#8220;Duygusal Zeka ve Stres Y\u00f6netimi&#8221; e\u011fitimi"},"content":{"rendered":"<p>K\u00fctahya Organize Sanayi B\u00f6lgesi, \u00e7al\u0131\u015fanlar\u0131n ki\u015fisel geli\u015fimine katk\u0131 sa\u011flayan e\u011fitim programlar\u0131na devam ediyor. Bu kapsamda OSB Akademi\u2019de, \u0130ndus Akademi e\u011fitmeni T\u00fclay Bart\u0131n Kaya\u2019n\u0131n kat\u0131l\u0131m\u0131yla &#8220;Duygusal Zeka ve Stres Y\u00f6netimi&#8221; konulu e\u011fitim ger\u00e7ekle\u015ftirildi.<br \/>\n<br \/>\u0130nteraktif bir \u015fekilde d\u00fczenlenen e\u011fitimde; duygular\u0131n tan\u0131nmas\u0131 ve y\u00f6netilmesi, empati kurma becerileri ile stresle ba\u015fa \u00e7\u0131kma y\u00f6ntemleri gibi ba\u015fl\u0131klar ele al\u0131nd\u0131. Kat\u0131l\u0131mc\u0131lar, i\u015f ortam\u0131nda kar\u015f\u0131la\u015f\u0131lan stres ve bask\u0131 unsurlar\u0131yla nas\u0131l ba\u015f edilebilece\u011fini \u00f6\u011frenme f\u0131rsat\u0131 buldu. Ayr\u0131ca, duygusal zekan\u0131n bireysel ve kurumsal ba\u015far\u0131ya olan katk\u0131lar\u0131na dair \u00f6nemli bilgiler payla\u015f\u0131ld\u0131.<br \/>\n<br \/>T\u00fclay Bart\u0131n Kaya\u2019n\u0131n anlat\u0131m\u0131yla ger\u00e7ekle\u015ftirilen e\u011fitimde, kat\u0131l\u0131mc\u0131lar \u00e7e\u015fitli uygulamalarla dahili fark\u0131ndal\u0131klar\u0131n\u0131 art\u0131r\u0131rken, teorik bilgileri pratikle peki\u015ftirdi. E\u011fitim sonunda yap\u0131lan de\u011ferlendirmelerde ise, kat\u0131l\u0131mc\u0131lar\u0131n i\u015f yerinde daha etkili ileti\u015fim kurma, sa\u011fl\u0131kl\u0131 ili\u015fkiler geli\u015ftirme ve stres y\u00f6netiminde kendilerini daha donan\u0131ml\u0131 hissettikleri ifade edildi.<br \/><\/p>\n","protected":false},"excerpt":{"rendered":"<p>K\u00fctahya Organize Sanayi B\u00f6lgesi, \u00e7al\u0131\u015fanlar\u0131n ki\u015fisel geli\u015fimine katk\u0131 sa\u011flayan e\u011fitim programlar\u0131na devam ediyor. Bu kapsamda OSB Akademi\u2019de, \u0130ndus Akademi e\u011fitmeni T\u00fclay Bart\u0131n Kaya\u2019n\u0131n kat\u0131l\u0131m\u0131yla &#8220;Duygusal Zeka ve Stres Y\u00f6netimi&#8221; konulu e\u011fitim ger\u00e7ekle\u015ftirildi. \u0130nteraktif bir \u015fekilde d\u00fczenlenen e\u011fitimde; duygular\u0131n tan\u0131nmas\u0131 ve y\u00f6netilmesi, empati kurma becerileri ile stresle ba\u015fa \u00e7\u0131kma y\u00f6ntemleri gibi ba\u015fl\u0131klar ele al\u0131nd\u0131. Kat\u0131l\u0131mc\u0131lar, i\u015f&#8230;<\/p>\n","protected":false},"author":1,"featured_media":38080,"comment_status":"open","ping_status":"open","sticky":false,"template":"","format":"standard","meta":{"_crdt_document":"","footnotes":""},"categories":[1],"tags":[],"class_list":["post-38079","post","type-post","status-publish","format-standard","has-post-thumbnail","hentry","category-guncel"],"_links":{"self":[{"href":"https:\/\/www.egemtv.com\/index.php?rest_route=\/wp\/v2\/posts\/38079","targetHints":{"allow":["GET"]}}],"collection":[{"href":"https:\/\/www.egemtv.com\/index.php?rest_route=\/wp\/v2\/posts"}],"about":[{"href":"https:\/\/www.egemtv.com\/index.php?rest_route=\/wp\/v2\/types\/post"}],"author":[{"embeddable":true,"href":"https:\/\/www.egemtv.com\/index.php?rest_route=\/wp\/v2\/users\/1"}],"replies":[{"embeddable":true,"href":"https:\/\/www.egemtv.com\/index.php?rest_route=%2Fwp%2Fv2%2Fcomments&post=38079"}],"version-history":[{"count":1,"href":"https:\/\/www.egemtv.com\/index.php?rest_route=\/wp\/v2\/posts\/38079\/revisions"}],"predecessor-version":[{"id":38081,"href":"https:\/\/www.egemtv.com\/index.php?rest_route=\/wp\/v2\/posts\/38079\/revisions\/38081"}],"wp:featuredmedia":[{"embeddable":true,"href":"https:\/\/www.egemtv.com\/index.php?rest_route=\/wp\/v2\/media\/38080"}],"wp:attachment":[{"href":"https:\/\/www.egemtv.com\/index.php?rest_route=%2Fwp%2Fv2%2Fmedia&parent=38079"}],"wp:term":[{"taxonomy":"category","embeddable":true,"href":"https:\/\/www.egemtv.com\/index.php?rest_route=%2Fwp%2Fv2%2Fcategories&post=38079"},{"taxonomy":"post_tag","embeddable":true,"href":"https:\/\/www.egemtv.com\/index.php?rest_route=%2Fwp%2Fv2%2Ftags&post=38079"}],"curies":[{"name":"wp","href":"https:\/\/api.w.org\/{rel}","templated":true}]}}