{"id":38076,"date":"2025-06-27T09:56:52","date_gmt":"2025-06-27T06:56:52","guid":{"rendered":"https:\/\/www.egemtv.com\/?p=38076"},"modified":"2025-06-27T09:56:57","modified_gmt":"2025-06-27T06:56:57","slug":"emet-myoda-mezuniyet-coskusu","status":"publish","type":"post","link":"https:\/\/www.egemtv.com\/?p=38076","title":{"rendered":"Emet MYO\u2019da mezuniyet co\u015fkusu"},"content":{"rendered":"<p>K\u00fctahya Dumlup\u0131nar \u00dcniversitesi Emet Meslek Y\u00fcksekokulu\u2019nun (MYO) 2024-2025 e\u011fitim-\u00f6\u011fretim y\u0131l\u0131 mezuniyet t\u00f6reni ger\u00e7ekle\u015ftirildi.<br \/>\n<br \/>T\u00f6ren, sayg\u0131 duru\u015fu ve \u0130stiklal Mar\u015f\u0131\u2019n\u0131n okunmas\u0131yla ba\u015flad\u0131. Programa K\u00fctahya Dumlup\u0131nar \u00dcniversitesi Rekt\u00f6r\u00fc Prof. Dr. S\u00fcleyman K\u0131z\u0131ltoprak, Emet Kaymakam Vekili Muhammet Samet Bahar, Emet Belediye Ba\u015fkan Vekili \u00d6mer Erdo\u011fan, \u0130l\u00e7e Emniyet M\u00fcd\u00fcr\u00fc Ayhan \u00d6z, \u0130l\u00e7e Jandarma Komutan\u0131 \u0130sa \u00c7obankaya, Emet MYO M\u00fcd\u00fcr\u00fc Dr. \u00d6\u011fr. \u00dcyesi Mesut Yaz\u0131c\u0131, akademik ve idari personel, \u00f6\u011frenciler ile \u00e7ok say\u0131da veli kat\u0131ld\u0131.<br \/>\n<br \/>T\u00f6rende Emet MYO M\u00fcd\u00fcr\u00fc Dr. \u00d6\u011fr. \u00dcyesi Mesut Yaz\u0131c\u0131, K\u00fctahya Dumlup\u0131nar \u00dcniversitesi Rekt\u00f6r\u00fc Prof. Dr. S\u00fcleyman K\u0131z\u0131ltoprak ve Emet Kaymakam Vekili Muhammet Samet Bahar taraf\u0131ndan konu\u015fmalar yap\u0131ld\u0131. Konu\u015fmalarda mezun olan \u00f6\u011frencilere ba\u015far\u0131 dileklerinde bulunularak, emeklerinden dolay\u0131 tebrik edildi.<br \/>\n<br \/>D\u00f6nem birincisi olan Sa\u011fl\u0131k Kurumlar\u0131 \u0130\u015fletmecili\u011fi Program\u0131 \u00f6\u011frencisi Kevser \u00c7aka yapt\u0131\u011f\u0131 konu\u015fman\u0131n ard\u0131ndan ismini mezuniyet k\u00fct\u00fc\u011f\u00fcne \u00e7akt\u0131. Daha sonra b\u00f6l\u00fcmlerinde dereceye giren \u00f6\u011frencilere ba\u015far\u0131 belgeleri takdim edildi.<br \/>\n<br \/>T\u00f6ren, \u00f6\u011frencilerin kep atma an\u0131 ve ard\u0131ndan geleneksel mezuniyet pilav\u0131 ikram\u0131yla sona erdi.<br \/><\/p>\n","protected":false},"excerpt":{"rendered":"<p>K\u00fctahya Dumlup\u0131nar \u00dcniversitesi Emet Meslek Y\u00fcksekokulu\u2019nun (MYO) 2024-2025 e\u011fitim-\u00f6\u011fretim y\u0131l\u0131 mezuniyet t\u00f6reni ger\u00e7ekle\u015ftirildi. T\u00f6ren, sayg\u0131 duru\u015fu ve \u0130stiklal Mar\u015f\u0131\u2019n\u0131n okunmas\u0131yla ba\u015flad\u0131. Programa K\u00fctahya Dumlup\u0131nar \u00dcniversitesi Rekt\u00f6r\u00fc Prof. Dr. S\u00fcleyman K\u0131z\u0131ltoprak, Emet Kaymakam Vekili Muhammet Samet Bahar, Emet Belediye Ba\u015fkan Vekili \u00d6mer Erdo\u011fan, \u0130l\u00e7e Emniyet M\u00fcd\u00fcr\u00fc Ayhan \u00d6z, \u0130l\u00e7e Jandarma Komutan\u0131 \u0130sa \u00c7obankaya, Emet MYO M\u00fcd\u00fcr\u00fc&#8230;<\/p>\n","protected":false},"author":1,"featured_media":38077,"comment_status":"open","ping_status":"open","sticky":false,"template":"","format":"standard","meta":{"_crdt_document":"","footnotes":""},"categories":[1],"tags":[],"class_list":["post-38076","post","type-post","status-publish","format-standard","has-post-thumbnail","hentry","category-guncel"],"_links":{"self":[{"href":"https:\/\/www.egemtv.com\/index.php?rest_route=\/wp\/v2\/posts\/38076","targetHints":{"allow":["GET"]}}],"collection":[{"href":"https:\/\/www.egemtv.com\/index.php?rest_route=\/wp\/v2\/posts"}],"about":[{"href":"https:\/\/www.egemtv.com\/index.php?rest_route=\/wp\/v2\/types\/post"}],"author":[{"embeddable":true,"href":"https:\/\/www.egemtv.com\/index.php?rest_route=\/wp\/v2\/users\/1"}],"replies":[{"embeddable":true,"href":"https:\/\/www.egemtv.com\/index.php?rest_route=%2Fwp%2Fv2%2Fcomments&post=38076"}],"version-history":[{"count":1,"href":"https:\/\/www.egemtv.com\/index.php?rest_route=\/wp\/v2\/posts\/38076\/revisions"}],"predecessor-version":[{"id":38078,"href":"https:\/\/www.egemtv.com\/index.php?rest_route=\/wp\/v2\/posts\/38076\/revisions\/38078"}],"wp:featuredmedia":[{"embeddable":true,"href":"https:\/\/www.egemtv.com\/index.php?rest_route=\/wp\/v2\/media\/38077"}],"wp:attachment":[{"href":"https:\/\/www.egemtv.com\/index.php?rest_route=%2Fwp%2Fv2%2Fmedia&parent=38076"}],"wp:term":[{"taxonomy":"category","embeddable":true,"href":"https:\/\/www.egemtv.com\/index.php?rest_route=%2Fwp%2Fv2%2Fcategories&post=38076"},{"taxonomy":"post_tag","embeddable":true,"href":"https:\/\/www.egemtv.com\/index.php?rest_route=%2Fwp%2Fv2%2Ftags&post=38076"}],"curies":[{"name":"wp","href":"https:\/\/api.w.org\/{rel}","templated":true}]}}