{"id":38073,"date":"2025-06-27T09:56:48","date_gmt":"2025-06-27T06:56:48","guid":{"rendered":"https:\/\/www.egemtv.com\/?p=38073"},"modified":"2025-06-27T09:56:52","modified_gmt":"2025-06-27T06:56:52","slug":"kutahyada-tezhip-sanatinin-zarafeti-yil-sonu-sergisinde-bulustu","status":"publish","type":"post","link":"https:\/\/www.egemtv.com\/?p=38073","title":{"rendered":"K\u00fctahya\u2019da tezhip sanat\u0131n\u0131n zarafeti y\u0131l sonu sergisinde bulu\u015ftu"},"content":{"rendered":"<p>K\u00fctahya\u2019da tezhip \u00f6\u011fretmeni Zeynep \u00d6den \u00f6nc\u00fcl\u00fc\u011f\u00fcnde d\u00fczenlenen Tezhip ve Minyat\u00fcr Y\u0131l Sonu Sergisi, sanatseverlerle bulu\u015ftu. Sergi, \u00f6\u011frencilerin Aral\u0131k ay\u0131nda ba\u015flay\u0131p Haziran ay\u0131nda tamamlad\u0131\u011f\u0131 yo\u011fun ve sab\u0131r gerektiren \u00e7al\u0131\u015fmalar\u0131n \u00fcr\u00fcn\u00fc olarak b\u00fcy\u00fck be\u011feni toplad\u0131.<br \/>\n<br \/>E\u011fitmen Zeynep \u00d6den, tezhip sanat\u0131n\u0131n Osmanl\u0131 d\u00f6nemine uzanan k\u00f6kl\u00fc bir ge\u00e7mi\u015fi oldu\u011funu vurgulayarak, bu geleneksel sanat\u0131n g\u00fcn\u00fcm\u00fczde de ya\u015fat\u0131lmas\u0131 ad\u0131na \u00f6nemli ad\u0131mlar att\u0131klar\u0131n\u0131 belirtti. &#8220;Amac\u0131m\u0131z, Osmanl\u0131 saray nakka\u015fhanelerinde icra edilen bu kadim sanat\u0131 yeni nesillere aktarmak. Bu sanat sab\u0131r gerektiriyor. Bir eserin ortaya \u00e7\u0131kmas\u0131 uzun zaman al\u0131yor; ince i\u015f\u00e7ilik ve azim istiyor&#8221; dedi.<br \/>\n<br \/>Tezhip sanat\u0131n\u0131n &#8220;alt\u0131nlamak&#8221; anlam\u0131na geldi\u011fini aktaran \u00d6den, eserlerin motifli yapraklar, \u00e7i\u00e7ekler ve hat yaz\u0131lar\u0131yla ba\u015flay\u0131p, alt\u0131n ve \u00e7e\u015fitli renklerle bezendi\u011fini ve sonunda \u00e7er\u00e7evelenerek sergiye haz\u0131r hale getirildi\u011fini ifade etti. \u00d6den, &#8220;Alt\u0131n, bu sanat\u0131n hem g\u00f6rsel ihti\u015fam\u0131n\u0131 art\u0131r\u0131yor hem de gelene\u011fe olan ba\u011fl\u0131l\u0131\u011f\u0131 temsil ediyor&#8221; diye konu\u015ftu.<br \/>\n<br \/>Sanatla 18 y\u0131ld\u0131r ilgilendi\u011fini ve son iki y\u0131ld\u0131r ayn\u0131 \u00f6\u011frenci grubuyla \u00e7al\u0131\u015ft\u0131\u011f\u0131n\u0131 dile getiren \u00d6den, &#8220;Ge\u00e7en y\u0131l kursumuzu tamamlam\u0131\u015ft\u0131k. Bu y\u0131l ise eme\u011fimizi bir sergiyle ta\u00e7land\u0131rman\u0131n mutlulu\u011funu ya\u015f\u0131yoruz&#8221; ifadelerini kulland\u0131.<br \/>\n<br \/>Tezhip sanat\u0131n\u0131n k\u00f6keninin el yazmas\u0131 Kur\u2019an-\u0131 Kerim s\u00fcslemelerine dayand\u0131\u011f\u0131n\u0131 hat\u0131rlatan \u00d6den, bu sanat\u0131n &#8220;tatl\u0131 s\u00fcs&#8221; anlam\u0131na geldi\u011fini ve k\u00fclt\u00fcr\u00fcm\u00fcz\u00fcn zarif miraslar\u0131ndan biri oldu\u011funu s\u00f6zlerine ekledi.<br \/><\/p>\n","protected":false},"excerpt":{"rendered":"<p>K\u00fctahya\u2019da tezhip \u00f6\u011fretmeni Zeynep \u00d6den \u00f6nc\u00fcl\u00fc\u011f\u00fcnde d\u00fczenlenen Tezhip ve Minyat\u00fcr Y\u0131l Sonu Sergisi, sanatseverlerle bulu\u015ftu. Sergi, \u00f6\u011frencilerin Aral\u0131k ay\u0131nda ba\u015flay\u0131p Haziran ay\u0131nda tamamlad\u0131\u011f\u0131 yo\u011fun ve sab\u0131r gerektiren \u00e7al\u0131\u015fmalar\u0131n \u00fcr\u00fcn\u00fc olarak b\u00fcy\u00fck be\u011feni toplad\u0131. E\u011fitmen Zeynep \u00d6den, tezhip sanat\u0131n\u0131n Osmanl\u0131 d\u00f6nemine uzanan k\u00f6kl\u00fc bir ge\u00e7mi\u015fi oldu\u011funu vurgulayarak, bu geleneksel sanat\u0131n g\u00fcn\u00fcm\u00fczde de ya\u015fat\u0131lmas\u0131 ad\u0131na \u00f6nemli ad\u0131mlar&#8230;<\/p>\n","protected":false},"author":1,"featured_media":38074,"comment_status":"open","ping_status":"open","sticky":false,"template":"","format":"standard","meta":{"_crdt_document":"","footnotes":""},"categories":[1],"tags":[],"class_list":["post-38073","post","type-post","status-publish","format-standard","has-post-thumbnail","hentry","category-guncel"],"_links":{"self":[{"href":"https:\/\/www.egemtv.com\/index.php?rest_route=\/wp\/v2\/posts\/38073","targetHints":{"allow":["GET"]}}],"collection":[{"href":"https:\/\/www.egemtv.com\/index.php?rest_route=\/wp\/v2\/posts"}],"about":[{"href":"https:\/\/www.egemtv.com\/index.php?rest_route=\/wp\/v2\/types\/post"}],"author":[{"embeddable":true,"href":"https:\/\/www.egemtv.com\/index.php?rest_route=\/wp\/v2\/users\/1"}],"replies":[{"embeddable":true,"href":"https:\/\/www.egemtv.com\/index.php?rest_route=%2Fwp%2Fv2%2Fcomments&post=38073"}],"version-history":[{"count":1,"href":"https:\/\/www.egemtv.com\/index.php?rest_route=\/wp\/v2\/posts\/38073\/revisions"}],"predecessor-version":[{"id":38075,"href":"https:\/\/www.egemtv.com\/index.php?rest_route=\/wp\/v2\/posts\/38073\/revisions\/38075"}],"wp:featuredmedia":[{"embeddable":true,"href":"https:\/\/www.egemtv.com\/index.php?rest_route=\/wp\/v2\/media\/38074"}],"wp:attachment":[{"href":"https:\/\/www.egemtv.com\/index.php?rest_route=%2Fwp%2Fv2%2Fmedia&parent=38073"}],"wp:term":[{"taxonomy":"category","embeddable":true,"href":"https:\/\/www.egemtv.com\/index.php?rest_route=%2Fwp%2Fv2%2Fcategories&post=38073"},{"taxonomy":"post_tag","embeddable":true,"href":"https:\/\/www.egemtv.com\/index.php?rest_route=%2Fwp%2Fv2%2Ftags&post=38073"}],"curies":[{"name":"wp","href":"https:\/\/api.w.org\/{rel}","templated":true}]}}