{"id":37445,"date":"2025-06-24T14:17:02","date_gmt":"2025-06-24T11:17:02","guid":{"rendered":"https:\/\/www.egemtv.com\/?p=37445"},"modified":"2025-06-24T14:17:06","modified_gmt":"2025-06-24T11:17:06","slug":"sarigolde-uzum-baglari-ortu-altina-aliniyor","status":"publish","type":"post","link":"https:\/\/www.egemtv.com\/?p=37445","title":{"rendered":"Sar\u0131g\u00f6l\u2019de \u00fcz\u00fcm ba\u011flar\u0131 \u00f6rt\u00fc alt\u0131na al\u0131n\u0131yor"},"content":{"rendered":"<p>Manisa\u2019n\u0131n d\u00fcnyaca \u00fcnl\u00fc \u00e7ekirdeksiz sofral\u0131k \u00fcz\u00fcmlerinin yeti\u015ftirildi\u011fi Sar\u0131g\u00f6l Ovas\u0131\u2019nda, \u00fcz\u00fcm ba\u011flar\u0131n\u0131n her t\u00fcrl\u00fc iklim \u015fartlar\u0131na kar\u015f\u0131 korunmas\u0131 amac\u0131yla \u00f6rt\u00fcleme \u00e7al\u0131\u015fmalar\u0131na ba\u015fland\u0131.<br \/>\n<br \/>\u00dcz\u00fcmleri a\u015f\u0131r\u0131 s\u0131cakl\u0131k, dolu, iri taneli ya\u011fmurlar, k\u0131ra\u011f\u0131, don ve toz gibi olumsuz \u015fartlardan korumak amac\u0131yla, her y\u0131l uygulanan beyaz kanavi\u00e7e \u00f6rt\u00fcleme i\u015flemi devam ediyor. \u00dcz\u00fcm ba\u011flar\u0131n\u0131n her bir s\u0131ran\u0131n \u00fczeri bu beyaz \u00f6rt\u00fclerle kaplan\u0131yor. Bu i\u015flemi ger\u00e7ekle\u015ftirmek i\u00e7in il\u00e7e ve \u00e7evresinde gen\u00e7lerden olu\u015fan \u00f6rt\u00fc ekipleri \u00e7al\u0131\u015f\u0131yor. Sabah\u0131n erken saatlerinde i\u015fe ba\u015flayan ekipler, k\u0131sa s\u00fcrede ba\u011flar\u0131n \u00f6rt\u00fcleme i\u015flemini tamamlayarak di\u011fer ba\u011flara ge\u00e7iyor. \u00d6rt\u00fcleme i\u015finde \u00e7al\u0131\u015fan ekip \u00fcyelerine g\u00fcnl\u00fck 1750 TL yevmiye \u00f6deniyor.<\/p>\n<p>Ba\u011flarda \u00e7ift kat \u00f6rt\u00fc korumas\u0131<br \/>\n<br \/>Sar\u0131g\u00f6l Emcelli Mahallesi\u2019nden \u00fcz\u00fcm \u00fcreticisi Beytullah Uysal, bu y\u0131l ilk kez \u00e7ift korumal\u0131 \u00f6rt\u00fc sistemi uygulad\u0131\u011f\u0131n\u0131 belirterek, &#8220;Bu y\u0131l \u00f6nce dolu t\u00fcl\u00fc ile ba\u011flar\u0131m\u0131 \u00f6rtt\u00fcm, ard\u0131ndan standart \u00f6rt\u00fcm\u00fc sererek \u00e7ift katl\u0131 bir koruma sa\u011flad\u0131m. \u00d6nlem almak bizden, takdir Allah\u2019tan. Bu sistemin \u00e7ok faydas\u0131n\u0131 g\u00f6r\u00fcyoruz.&#8221; dedi.<br \/>\n<br \/>Bu y\u0131l, ge\u00e7en y\u0131llardan farkl\u0131 olarak \u00e7ift korumal\u0131 \u00f6rt\u00fcleme y\u00f6nteminin yayg\u0131nla\u015fmaya ba\u015flamas\u0131 ise dikkat \u00e7ekti.<\/p>\n<p>&#8220;Ba\u011flar\u0131n y\u00fczde 80\u2019i \u00f6rt\u00fc alt\u0131na al\u0131n\u0131yor&#8221;<br \/>\n<br \/>Sar\u0131g\u00f6l Ziraat Odas\u0131 Ba\u015fkan\u0131 Ali \u0130hsan \u00dclgen, il\u00e7ede toplam 113 bin dekar alanda ba\u011fc\u0131l\u0131k yap\u0131ld\u0131\u011f\u0131n\u0131 ifade ederek, \u00fcz\u00fcm ba\u011flar\u0131n\u0131n y\u00fczde 80\u2019inin \u00f6rt\u00fc alt\u0131na al\u0131nd\u0131\u011f\u0131n\u0131 s\u00f6yledi. Ba\u015fkan \u00dclgen, konuyla ilgili olarak \u015funlar\u0131 s\u00f6yledi: &#8220;\u00dcz\u00fcm ba\u011flar\u0131m\u0131z\u0131 her y\u0131l koruma ama\u00e7l\u0131 olarak \u00f6rt\u00fc alt\u0131na al\u0131yoruz. Bu \u00f6rt\u00fcler, hasat tamamlanana kadar ba\u011flar\u0131n \u00fczerinde kal\u0131yor ve ard\u0131ndan toplanarak bir sonraki y\u0131l i\u00e7in saklan\u0131yor.&#8221;<br \/>\n<br \/>Sar\u0131g\u00f6l\u2019de \u00f6rt\u00fcleme \u00e7al\u0131\u015fmalar\u0131 hem \u00fcreticilerin \u00fcr\u00fcn kayb\u0131n\u0131 azaltt\u0131\u011f\u0131 hem de kaliteli \u00fcz\u00fcm elde edilmesine b\u00fcy\u00fck katk\u0131 sa\u011flad\u0131\u011f\u0131 \u00f6\u011frenildi.<br \/><\/p>\n","protected":false},"excerpt":{"rendered":"<p>Manisa\u2019n\u0131n d\u00fcnyaca \u00fcnl\u00fc \u00e7ekirdeksiz sofral\u0131k \u00fcz\u00fcmlerinin yeti\u015ftirildi\u011fi Sar\u0131g\u00f6l Ovas\u0131\u2019nda, \u00fcz\u00fcm ba\u011flar\u0131n\u0131n her t\u00fcrl\u00fc iklim \u015fartlar\u0131na kar\u015f\u0131 korunmas\u0131 amac\u0131yla \u00f6rt\u00fcleme \u00e7al\u0131\u015fmalar\u0131na ba\u015fland\u0131. \u00dcz\u00fcmleri a\u015f\u0131r\u0131 s\u0131cakl\u0131k, dolu, iri taneli ya\u011fmurlar, k\u0131ra\u011f\u0131, don ve toz gibi olumsuz \u015fartlardan korumak amac\u0131yla, her y\u0131l uygulanan beyaz kanavi\u00e7e \u00f6rt\u00fcleme i\u015flemi devam ediyor. \u00dcz\u00fcm ba\u011flar\u0131n\u0131n her bir s\u0131ran\u0131n \u00fczeri bu beyaz \u00f6rt\u00fclerle&#8230;<\/p>\n","protected":false},"author":1,"featured_media":37446,"comment_status":"open","ping_status":"open","sticky":false,"template":"","format":"standard","meta":{"_crdt_document":"","footnotes":""},"categories":[125],"tags":[],"class_list":["post-37445","post","type-post","status-publish","format-standard","has-post-thumbnail","hentry","category-ekonomi"],"_links":{"self":[{"href":"https:\/\/www.egemtv.com\/index.php?rest_route=\/wp\/v2\/posts\/37445","targetHints":{"allow":["GET"]}}],"collection":[{"href":"https:\/\/www.egemtv.com\/index.php?rest_route=\/wp\/v2\/posts"}],"about":[{"href":"https:\/\/www.egemtv.com\/index.php?rest_route=\/wp\/v2\/types\/post"}],"author":[{"embeddable":true,"href":"https:\/\/www.egemtv.com\/index.php?rest_route=\/wp\/v2\/users\/1"}],"replies":[{"embeddable":true,"href":"https:\/\/www.egemtv.com\/index.php?rest_route=%2Fwp%2Fv2%2Fcomments&post=37445"}],"version-history":[{"count":1,"href":"https:\/\/www.egemtv.com\/index.php?rest_route=\/wp\/v2\/posts\/37445\/revisions"}],"predecessor-version":[{"id":37447,"href":"https:\/\/www.egemtv.com\/index.php?rest_route=\/wp\/v2\/posts\/37445\/revisions\/37447"}],"wp:featuredmedia":[{"embeddable":true,"href":"https:\/\/www.egemtv.com\/index.php?rest_route=\/wp\/v2\/media\/37446"}],"wp:attachment":[{"href":"https:\/\/www.egemtv.com\/index.php?rest_route=%2Fwp%2Fv2%2Fmedia&parent=37445"}],"wp:term":[{"taxonomy":"category","embeddable":true,"href":"https:\/\/www.egemtv.com\/index.php?rest_route=%2Fwp%2Fv2%2Fcategories&post=37445"},{"taxonomy":"post_tag","embeddable":true,"href":"https:\/\/www.egemtv.com\/index.php?rest_route=%2Fwp%2Fv2%2Ftags&post=37445"}],"curies":[{"name":"wp","href":"https:\/\/api.w.org\/{rel}","templated":true}]}}